{"id":1,"date":"2013-09-03T12:29:39","date_gmt":"2013-09-03T12:29:39","guid":{"rendered":"http:\/\/kleiner-ritter-der-unbefleckten.de\/?p=1"},"modified":"2025-04-11T14:46:41","modified_gmt":"2025-04-11T12:46:41","slug":"hello-world","status":"publish","type":"post","link":"https:\/\/kleiner-ritter-der-unbefleckten.de\/?p=1","title":{"rendered":"Hallo Welt! die neue gro\u00dfe Seite f\u00fcr die Kleinen"},"content":{"rendered":"<p><a href=\"https:\/\/kleiner-ritter-der-unbefleckten.de\/wp-content\/uploads\/2013\/09\/17598_545766122149044_1582072892_n.jpg\"><img loading=\"lazy\" decoding=\"async\" class=\"size-medium wp-image-12 alignleft\" src=\"https:\/\/kleiner-ritter-der-unbefleckten.de\/wp-content\/uploads\/2013\/09\/17598_545766122149044_1582072892_n-232x300.jpg\" alt=\"17598_545766122149044_1582072892_n\" width=\"232\" height=\"300\" srcset=\"https:\/\/kleiner-ritter-der-unbefleckten.de\/wp-content\/uploads\/2013\/09\/17598_545766122149044_1582072892_n-232x300.jpg 232w, https:\/\/kleiner-ritter-der-unbefleckten.de\/wp-content\/uploads\/2013\/09\/17598_545766122149044_1582072892_n.jpg 745w\" sizes=\"auto, (max-width: 232px) 100vw, 232px\" \/><\/a>Herzlich willkommen beim &#8222;<strong>Kleinen Ritter der Unbefleckten<\/strong>&#8220; &#8230;<\/p>\n<p>Auf dieser Seite werden wir zeigen, wie wir uns mit unserem Glauben auseinandersetzen. Wir nehmen bekanntes und neues auf. Und vor allem sind Kinder eingeladen mitzumachen. Es soll eine Seite f\u00fcr Dich werden.<\/p>\n<p>Dank der Hilfe von etlichen Kindern und Jugendlichen f\u00fcllt sich diese Seite immer mehr. Wir freuen uns \u00fcber weitere Anregungen. Vor allem freuen wir uns \u00fcber Bildmaterial. Denn durch Bilder kann man vieles viel leichter ausdr\u00fccken. Also auf die Pl\u00e4tze fertig los&#8230;<\/p>\n<p>Ansprechperson ist: Sr. Theresia (fjm) &#8230; mehr dazu auf einer anderen Seite<\/p>\n","protected":false},"excerpt":{"rendered":"<p>Herzlich willkommen beim &#8222;Kleinen Ritter der Unbefleckten&#8220; &#8230; Auf dieser Seite werden wir zeigen, wie wir uns mit unserem Glauben auseinandersetzen. Wir nehmen bekanntes und neues auf. Und vor allem sind Kinder eingeladen mitzumachen. Es soll eine Seite f\u00fcr Dich &hellip; <a href=\"https:\/\/kleiner-ritter-der-unbefleckten.de\/?p=1\">Weiterlesen <span class=\"meta-nav\">&rarr;<\/span><\/a><\/p>\n","protected":false},"author":25,"featured_media":0,"comment_status":"open","ping_status":"closed","sticky":false,"template":"","format":"standard","meta":{"footnotes":""},"categories":[1],"tags":[],"class_list":["post-1","post","type-post","status-publish","format-standard","hentry","category-aktuell"],"_links":{"self":[{"href":"https:\/\/kleiner-ritter-der-unbefleckten.de\/index.php?rest_route=\/wp\/v2\/posts\/1","targetHints":{"allow":["GET"]}}],"collection":[{"href":"https:\/\/kleiner-ritter-der-unbefleckten.de\/index.php?rest_route=\/wp\/v2\/posts"}],"about":[{"href":"https:\/\/kleiner-ritter-der-unbefleckten.de\/index.php?rest_route=\/wp\/v2\/types\/post"}],"author":[{"embeddable":true,"href":"https:\/\/kleiner-ritter-der-unbefleckten.de\/index.php?rest_route=\/wp\/v2\/users\/25"}],"replies":[{"embeddable":true,"href":"https:\/\/kleiner-ritter-der-unbefleckten.de\/index.php?rest_route=%2Fwp%2Fv2%2Fcomments&post=1"}],"version-history":[{"count":5,"href":"https:\/\/kleiner-ritter-der-unbefleckten.de\/index.php?rest_route=\/wp\/v2\/posts\/1\/revisions"}],"predecessor-version":[{"id":2326,"href":"https:\/\/kleiner-ritter-der-unbefleckten.de\/index.php?rest_route=\/wp\/v2\/posts\/1\/revisions\/2326"}],"wp:attachment":[{"href":"https:\/\/kleiner-ritter-der-unbefleckten.de\/index.php?rest_route=%2Fwp%2Fv2%2Fmedia&parent=1"}],"wp:term":[{"taxonomy":"category","embeddable":true,"href":"https:\/\/kleiner-ritter-der-unbefleckten.de\/index.php?rest_route=%2Fwp%2Fv2%2Fcategories&post=1"},{"taxonomy":"post_tag","embeddable":true,"href":"https:\/\/kleiner-ritter-der-unbefleckten.de\/index.php?rest_route=%2Fwp%2Fv2%2Ftags&post=1"}],"curies":[{"name":"wp","href":"https:\/\/api.w.org\/{rel}","templated":true}]}}