{"id":1058,"date":"2025-09-26T00:01:00","date_gmt":"2025-09-25T22:01:00","guid":{"rendered":"http:\/\/apostolatsgemeinschaft.eu\/kl-ritter\/?p=1058"},"modified":"2025-07-11T09:35:53","modified_gmt":"2025-07-11T07:35:53","slug":"herbst","status":"publish","type":"post","link":"https:\/\/kleiner-ritter-der-unbefleckten.de\/?p=1058","title":{"rendered":"Herbst"},"content":{"rendered":"<p><a href=\"https:\/\/kleiner-ritter-der-unbefleckten.de\/wp-content\/uploads\/2014\/09\/DSCN00150.jpg\"><img loading=\"lazy\" decoding=\"async\" class=\"size-medium wp-image-1059 alignleft\" src=\"https:\/\/kleiner-ritter-der-unbefleckten.de\/wp-content\/uploads\/2014\/09\/DSCN00150-300x225.jpg\" alt=\"DSCN00150\" width=\"300\" height=\"225\" srcset=\"https:\/\/kleiner-ritter-der-unbefleckten.de\/wp-content\/uploads\/2014\/09\/DSCN00150-300x225.jpg 300w, https:\/\/kleiner-ritter-der-unbefleckten.de\/wp-content\/uploads\/2014\/09\/DSCN00150-1024x768.jpg 1024w, https:\/\/kleiner-ritter-der-unbefleckten.de\/wp-content\/uploads\/2014\/09\/DSCN00150.jpg 1600w\" sizes=\"auto, (max-width: 300px) 100vw, 300px\" \/><\/a>Der Herbst ist da. Das siehst du besonders, wenn du nach drau\u00dfen schaust. Das Laub verf\u00e4rbt sich. Die B\u00e4ume verlieren ihre Bl\u00e4tter. Wie sch\u00f6n ist doch Gottes Sch\u00f6pfung. Jedes Jahr k\u00f6nnen wir beobachten, wie aus winzig kleinen Samenk\u00f6rnern Pflanzen hervorkommen.Auch wir waren einmal klein und wachsen nun von Jahr zu Jahr. Denke jeden Tag daran, Gott f\u00fcr dein Leben zu danken. Denn es ist nicht selbstverst\u00e4ndlich,<br \/>\n&#8211; dass du dich bewegen kannst<br \/>\n&#8211; dass du genug zu essen hast<br \/>\n&#8211; dass es Menschen um dich herum gibt, die dich lieben<br \/>\n&#8211; &#8230;&#8230;.<\/p>\n<p>Die Liste kannst du jetzt beliebig fortf\u00fchren.<br \/>\nHalte einfach einmal inne und sage DANKE!!!<\/p>\n","protected":false},"excerpt":{"rendered":"<p>Der Herbst ist da. Das siehst du besonders, wenn du nach drau\u00dfen schaust. Das Laub verf\u00e4rbt sich. Die B\u00e4ume verlieren ihre Bl\u00e4tter. Wie sch\u00f6n ist doch Gottes Sch\u00f6pfung. Jedes Jahr k\u00f6nnen wir beobachten, wie aus winzig kleinen Samenk\u00f6rnern Pflanzen hervorkommen.Auch &hellip; <a href=\"https:\/\/kleiner-ritter-der-unbefleckten.de\/?p=1058\">Weiterlesen <span class=\"meta-nav\">&rarr;<\/span><\/a><\/p>\n","protected":false},"author":3,"featured_media":0,"comment_status":"open","ping_status":"closed","sticky":false,"template":"","format":"standard","meta":{"footnotes":""},"categories":[1],"tags":[],"class_list":["post-1058","post","type-post","status-publish","format-standard","hentry","category-aktuell"],"_links":{"self":[{"href":"https:\/\/kleiner-ritter-der-unbefleckten.de\/index.php?rest_route=\/wp\/v2\/posts\/1058","targetHints":{"allow":["GET"]}}],"collection":[{"href":"https:\/\/kleiner-ritter-der-unbefleckten.de\/index.php?rest_route=\/wp\/v2\/posts"}],"about":[{"href":"https:\/\/kleiner-ritter-der-unbefleckten.de\/index.php?rest_route=\/wp\/v2\/types\/post"}],"author":[{"embeddable":true,"href":"https:\/\/kleiner-ritter-der-unbefleckten.de\/index.php?rest_route=\/wp\/v2\/users\/3"}],"replies":[{"embeddable":true,"href":"https:\/\/kleiner-ritter-der-unbefleckten.de\/index.php?rest_route=%2Fwp%2Fv2%2Fcomments&post=1058"}],"version-history":[{"count":4,"href":"https:\/\/kleiner-ritter-der-unbefleckten.de\/index.php?rest_route=\/wp\/v2\/posts\/1058\/revisions"}],"predecessor-version":[{"id":2560,"href":"https:\/\/kleiner-ritter-der-unbefleckten.de\/index.php?rest_route=\/wp\/v2\/posts\/1058\/revisions\/2560"}],"wp:attachment":[{"href":"https:\/\/kleiner-ritter-der-unbefleckten.de\/index.php?rest_route=%2Fwp%2Fv2%2Fmedia&parent=1058"}],"wp:term":[{"taxonomy":"category","embeddable":true,"href":"https:\/\/kleiner-ritter-der-unbefleckten.de\/index.php?rest_route=%2Fwp%2Fv2%2Fcategories&post=1058"},{"taxonomy":"post_tag","embeddable":true,"href":"https:\/\/kleiner-ritter-der-unbefleckten.de\/index.php?rest_route=%2Fwp%2Fv2%2Ftags&post=1058"}],"curies":[{"name":"wp","href":"https:\/\/api.w.org\/{rel}","templated":true}]}}