{"id":1063,"date":"2025-09-30T00:01:00","date_gmt":"2025-09-29T22:01:00","guid":{"rendered":"http:\/\/apostolatsgemeinschaft.eu\/kl-ritter\/?p=1063"},"modified":"2025-07-11T09:37:22","modified_gmt":"2025-07-11T07:37:22","slug":"ein-neuer-tag","status":"publish","type":"post","link":"https:\/\/kleiner-ritter-der-unbefleckten.de\/?p=1063","title":{"rendered":"Ein neuer Tag"},"content":{"rendered":"<p><a href=\"https:\/\/kleiner-ritter-der-unbefleckten.de\/wp-content\/uploads\/2014\/09\/Sonnenaufgang.jpg\"><img loading=\"lazy\" decoding=\"async\" class=\"size-medium wp-image-1064 alignleft\" src=\"https:\/\/kleiner-ritter-der-unbefleckten.de\/wp-content\/uploads\/2014\/09\/Sonnenaufgang-300x151.jpg\" alt=\"Sonnenaufgang\" width=\"300\" height=\"151\" srcset=\"https:\/\/kleiner-ritter-der-unbefleckten.de\/wp-content\/uploads\/2014\/09\/Sonnenaufgang-300x151.jpg 300w, https:\/\/kleiner-ritter-der-unbefleckten.de\/wp-content\/uploads\/2014\/09\/Sonnenaufgang.jpg 800w\" sizes=\"auto, (max-width: 300px) 100vw, 300px\" \/><\/a>Ein neuer Tag ist da und ich freue mich auf alles, was Gott f\u00fcr heute vorgesehen hat. Alles lege ich in seine H\u00e4nde. M\u00f6ge alles, was ich heute denke, rede und tue seinem g\u00f6ttlichen Willen entsprechen. Heiliger Schutzengel hilf mir dabei.<\/p>\n<p>&nbsp;<\/p>\n","protected":false},"excerpt":{"rendered":"<p>Ein neuer Tag ist da und ich freue mich auf alles, was Gott f\u00fcr heute vorgesehen hat. Alles lege ich in seine H\u00e4nde. M\u00f6ge alles, was ich heute denke, rede und tue seinem g\u00f6ttlichen Willen entsprechen. Heiliger Schutzengel hilf mir &hellip; <a href=\"https:\/\/kleiner-ritter-der-unbefleckten.de\/?p=1063\">Weiterlesen <span class=\"meta-nav\">&rarr;<\/span><\/a><\/p>\n","protected":false},"author":3,"featured_media":0,"comment_status":"open","ping_status":"closed","sticky":false,"template":"","format":"standard","meta":{"footnotes":""},"categories":[1,22],"tags":[],"class_list":["post-1063","post","type-post","status-publish","format-standard","hentry","category-aktuell","category-alltag"],"_links":{"self":[{"href":"https:\/\/kleiner-ritter-der-unbefleckten.de\/index.php?rest_route=\/wp\/v2\/posts\/1063","targetHints":{"allow":["GET"]}}],"collection":[{"href":"https:\/\/kleiner-ritter-der-unbefleckten.de\/index.php?rest_route=\/wp\/v2\/posts"}],"about":[{"href":"https:\/\/kleiner-ritter-der-unbefleckten.de\/index.php?rest_route=\/wp\/v2\/types\/post"}],"author":[{"embeddable":true,"href":"https:\/\/kleiner-ritter-der-unbefleckten.de\/index.php?rest_route=\/wp\/v2\/users\/3"}],"replies":[{"embeddable":true,"href":"https:\/\/kleiner-ritter-der-unbefleckten.de\/index.php?rest_route=%2Fwp%2Fv2%2Fcomments&post=1063"}],"version-history":[{"count":3,"href":"https:\/\/kleiner-ritter-der-unbefleckten.de\/index.php?rest_route=\/wp\/v2\/posts\/1063\/revisions"}],"predecessor-version":[{"id":2563,"href":"https:\/\/kleiner-ritter-der-unbefleckten.de\/index.php?rest_route=\/wp\/v2\/posts\/1063\/revisions\/2563"}],"wp:attachment":[{"href":"https:\/\/kleiner-ritter-der-unbefleckten.de\/index.php?rest_route=%2Fwp%2Fv2%2Fmedia&parent=1063"}],"wp:term":[{"taxonomy":"category","embeddable":true,"href":"https:\/\/kleiner-ritter-der-unbefleckten.de\/index.php?rest_route=%2Fwp%2Fv2%2Fcategories&post=1063"},{"taxonomy":"post_tag","embeddable":true,"href":"https:\/\/kleiner-ritter-der-unbefleckten.de\/index.php?rest_route=%2Fwp%2Fv2%2Ftags&post=1063"}],"curies":[{"name":"wp","href":"https:\/\/api.w.org\/{rel}","templated":true}]}}