{"id":1072,"date":"2025-10-15T00:00:00","date_gmt":"2025-10-14T22:00:00","guid":{"rendered":"http:\/\/apostolatsgemeinschaft.eu\/kl-ritter\/?p=1072"},"modified":"2025-07-22T16:24:43","modified_gmt":"2025-07-22T14:24:43","slug":"1072","status":"publish","type":"post","link":"https:\/\/kleiner-ritter-der-unbefleckten.de\/?p=1072","title":{"rendered":"Teresa von Avila"},"content":{"rendered":"\n<div class=\"wp-block-group is-nowrap is-layout-flex wp-container-core-group-is-layout-ad2f72ca wp-block-group-is-layout-flex\">\n<div id=\"attachment_2810\" style=\"width: 294px\" class=\"wp-caption alignleft\"><a href=\"https:\/\/kleiner-ritter-der-unbefleckten.de\/wp-content\/uploads\/2020\/06\/hl-Theresa-von-Avila.jpg\"><img loading=\"lazy\" decoding=\"async\" aria-describedby=\"caption-attachment-2810\" class=\" wp-image-2810\" src=\"https:\/\/kleiner-ritter-der-unbefleckten.de\/wp-content\/uploads\/2020\/06\/hl-Theresa-von-Avila.jpg\" alt=\"\" width=\"284\" height=\"330\" srcset=\"https:\/\/kleiner-ritter-der-unbefleckten.de\/wp-content\/uploads\/2020\/06\/hl-Theresa-von-Avila.jpg 544w, https:\/\/kleiner-ritter-der-unbefleckten.de\/wp-content\/uploads\/2020\/06\/hl-Theresa-von-Avila-258x300.jpg 258w\" sizes=\"auto, (max-width: 284px) 100vw, 284px\" \/><\/a><p id=\"caption-attachment-2810\" class=\"wp-caption-text\">\u00a9\u2018SrT2023undthecatholickid.com<\/p><\/div>\n<p>Wenn ich das Leben der heiligen Theresa von Avila betrachte, dann \u00fcberlege ich mir immer wieder: Ist mir Jesus in meinem Leben wirklich wichtig? Oder suche ich eher nach Anerkennung durch die Menschen? So k\u00f6nnte man sich in vielen Situationen die Frage stellen, wie w\u00fcrde sich jetzt Jesus verhalten? W\u00fcrde er z.B. auch zu Notl\u00fcgen greifen, damit er vor seinen Mitmenschen gut dasteht? Mehr \u00fcber die Heilige findest Du hier: <a href=\"https:\/\/kleiner-ritter-der-unbefleckten.de\/wp-content\/uploads\/2014\/05\/Heilige-Theresia-von-Avila.pdf\">Teresa von Avila.<\/a><\/p>\n<\/div>\n","protected":false},"excerpt":{"rendered":"<p>Wenn ich das Leben der heiligen Theresa von Avila betrachte, dann \u00fcberlege ich mir immer wieder: Ist mir Jesus in meinem Leben wirklich wichtig? Oder suche ich eher nach Anerkennung durch die Menschen? So k\u00f6nnte man sich in vielen Situationen &hellip; <a href=\"https:\/\/kleiner-ritter-der-unbefleckten.de\/?p=1072\">Weiterlesen <span class=\"meta-nav\">&rarr;<\/span><\/a><\/p>\n","protected":false},"author":3,"featured_media":0,"comment_status":"open","ping_status":"closed","sticky":false,"template":"","format":"standard","meta":{"footnotes":""},"categories":[1,6],"tags":[],"class_list":["post-1072","post","type-post","status-publish","format-standard","hentry","category-aktuell","category-heilige"],"_links":{"self":[{"href":"https:\/\/kleiner-ritter-der-unbefleckten.de\/index.php?rest_route=\/wp\/v2\/posts\/1072","targetHints":{"allow":["GET"]}}],"collection":[{"href":"https:\/\/kleiner-ritter-der-unbefleckten.de\/index.php?rest_route=\/wp\/v2\/posts"}],"about":[{"href":"https:\/\/kleiner-ritter-der-unbefleckten.de\/index.php?rest_route=\/wp\/v2\/types\/post"}],"author":[{"embeddable":true,"href":"https:\/\/kleiner-ritter-der-unbefleckten.de\/index.php?rest_route=\/wp\/v2\/users\/3"}],"replies":[{"embeddable":true,"href":"https:\/\/kleiner-ritter-der-unbefleckten.de\/index.php?rest_route=%2Fwp%2Fv2%2Fcomments&post=1072"}],"version-history":[{"count":9,"href":"https:\/\/kleiner-ritter-der-unbefleckten.de\/index.php?rest_route=\/wp\/v2\/posts\/1072\/revisions"}],"predecessor-version":[{"id":3673,"href":"https:\/\/kleiner-ritter-der-unbefleckten.de\/index.php?rest_route=\/wp\/v2\/posts\/1072\/revisions\/3673"}],"wp:attachment":[{"href":"https:\/\/kleiner-ritter-der-unbefleckten.de\/index.php?rest_route=%2Fwp%2Fv2%2Fmedia&parent=1072"}],"wp:term":[{"taxonomy":"category","embeddable":true,"href":"https:\/\/kleiner-ritter-der-unbefleckten.de\/index.php?rest_route=%2Fwp%2Fv2%2Fcategories&post=1072"},{"taxonomy":"post_tag","embeddable":true,"href":"https:\/\/kleiner-ritter-der-unbefleckten.de\/index.php?rest_route=%2Fwp%2Fv2%2Ftags&post=1072"}],"curies":[{"name":"wp","href":"https:\/\/api.w.org\/{rel}","templated":true}]}}