{"id":111,"date":"2025-08-04T00:00:00","date_gmt":"2025-08-03T22:00:00","guid":{"rendered":"http:\/\/apostolatsgemeinschaft.eu\/kl-ritter?p=111"},"modified":"2025-06-06T10:21:16","modified_gmt":"2025-06-06T08:21:16","slug":"der-heilige-pfarrer-von-ars","status":"publish","type":"post","link":"https:\/\/kleiner-ritter-der-unbefleckten.de\/?p=111","title":{"rendered":"Der heilige Pfarrer von Ars"},"content":{"rendered":"<p><img decoding=\"async\" class=\"decoded alignleft\" src=\"http:\/\/ecclesiaeveritas.net\/images\/Johannes-MariaVianney.jpg\" alt=\"http:\/\/ecclesiaeveritas.net\/images\/Johannes-MariaVianney.jpg\"><\/p>\n<p><strong>Hast Du schon einmal etwas vom heiligen Pfarrer von Ars geh\u00f6rt?<\/strong><\/p>\n<p>Er lebte den Bewohnern seines Ortes einfach den Glauben vor. So kam es, dass nach und nach die Menschen auch<\/p>\n<p>ein heiligm\u00e4\u00dfiges Leben zu f\u00fchren begangen. Es ging sicherlich nicht ohne Pr\u00fcfungen. Doch er lie\u00df sich nicht beirren und hielt einfach fest und lebte ganz und gar von der g\u00f6ttlichen Vorsehung. Er gr\u00fcndete z.B. ein Haus f\u00fcr verwahrloste M\u00e4dchen. Eines Tages<!--more-->ging dort der Vorratsspeicher seinem Ende entgegen. Der heilige Pfarrer von Ars ging auf den Speicher, kehrte die letzten K\u00f6rner zusammen und ber\u00fchrte diese mit einer Reliquie. Dann ging er zu den M\u00e4dchen und bat sie, mit ihm um das t\u00e4gliche Brot zu bitten. Als er sich auf dem Heimweg befand, wurde er angesprochen, da kein Mehl mehr im Haus sei. Er sagte nur: \u201eGehen Sie auf den Speicher und kehren Sie den Rest zusammen.\u201c Als die Frau den Speicher betrat, traute sie ihren Augen nicht. Die T\u00fcr lie\u00df sich kaum \u00f6ffnen, da der Speicher so voll von bestem Korn war. Ein anderes Mal ging das Mehl aus. Man beschloss den Pfarrer um Hilfe zu bitten. Und er gab den Rat: \u201eSetzt das bisschen Mehl mit Sauerteig an und dann macht morgen einfach so weiter, als ob alles in Ordnung w\u00e4re.\u201c Ungl\u00e4ubig machten sich die Frauen ans Werk Allerdings gossen sie erst immer nur ganz wenig Wasser und Mehl in die Sch\u00fcssel. Doch was merkten sie. Je mehr sie kneteten, desto mehr Teig entstand unter ihren H\u00e4nden. Obwohl das Mehl h\u00f6chstens f\u00fcr zwei Brote gereicht h\u00e4tte, entstanden nun 10 wunderbare gro\u00dfe Brote aus dem bisschen Mehl.<\/p>\n","protected":false},"excerpt":{"rendered":"<p>Hast Du schon einmal etwas vom heiligen Pfarrer von Ars geh\u00f6rt? Er lebte den Bewohnern seines Ortes einfach den Glauben vor. So kam es, dass nach und nach die Menschen auch ein heiligm\u00e4\u00dfiges Leben zu f\u00fchren begangen. Es ging sicherlich &hellip; <a href=\"https:\/\/kleiner-ritter-der-unbefleckten.de\/?p=111\">Weiterlesen <span class=\"meta-nav\">&rarr;<\/span><\/a><\/p>\n","protected":false},"author":3,"featured_media":0,"comment_status":"open","ping_status":"closed","sticky":false,"template":"","format":"standard","meta":{"footnotes":""},"categories":[1,6],"tags":[],"class_list":["post-111","post","type-post","status-publish","format-standard","hentry","category-aktuell","category-heilige"],"_links":{"self":[{"href":"https:\/\/kleiner-ritter-der-unbefleckten.de\/index.php?rest_route=\/wp\/v2\/posts\/111","targetHints":{"allow":["GET"]}}],"collection":[{"href":"https:\/\/kleiner-ritter-der-unbefleckten.de\/index.php?rest_route=\/wp\/v2\/posts"}],"about":[{"href":"https:\/\/kleiner-ritter-der-unbefleckten.de\/index.php?rest_route=\/wp\/v2\/types\/post"}],"author":[{"embeddable":true,"href":"https:\/\/kleiner-ritter-der-unbefleckten.de\/index.php?rest_route=\/wp\/v2\/users\/3"}],"replies":[{"embeddable":true,"href":"https:\/\/kleiner-ritter-der-unbefleckten.de\/index.php?rest_route=%2Fwp%2Fv2%2Fcomments&post=111"}],"version-history":[{"count":4,"href":"https:\/\/kleiner-ritter-der-unbefleckten.de\/index.php?rest_route=\/wp\/v2\/posts\/111\/revisions"}],"predecessor-version":[{"id":2540,"href":"https:\/\/kleiner-ritter-der-unbefleckten.de\/index.php?rest_route=\/wp\/v2\/posts\/111\/revisions\/2540"}],"wp:attachment":[{"href":"https:\/\/kleiner-ritter-der-unbefleckten.de\/index.php?rest_route=%2Fwp%2Fv2%2Fmedia&parent=111"}],"wp:term":[{"taxonomy":"category","embeddable":true,"href":"https:\/\/kleiner-ritter-der-unbefleckten.de\/index.php?rest_route=%2Fwp%2Fv2%2Fcategories&post=111"},{"taxonomy":"post_tag","embeddable":true,"href":"https:\/\/kleiner-ritter-der-unbefleckten.de\/index.php?rest_route=%2Fwp%2Fv2%2Ftags&post=111"}],"curies":[{"name":"wp","href":"https:\/\/api.w.org\/{rel}","templated":true}]}}