{"id":1256,"date":"2026-01-05T00:00:00","date_gmt":"2026-01-04T23:00:00","guid":{"rendered":"http:\/\/apostolatsgemeinschaft.eu\/kl-ritter\/?p=1256"},"modified":"2025-11-21T10:13:48","modified_gmt":"2025-11-21T09:13:48","slug":"dein-schutzengel-begleitet-dich","status":"publish","type":"post","link":"https:\/\/kleiner-ritter-der-unbefleckten.de\/?p=1256","title":{"rendered":"Dein Schutzengel begleitet Dich"},"content":{"rendered":"<p style=\"text-align: center;\"><a href=\"https:\/\/kleiner-ritter-der-unbefleckten.de\/wp-content\/uploads\/2014\/10\/Schutzengel-.jpg\"><img loading=\"lazy\" decoding=\"async\" class=\"size-full wp-image-1067 alignleft\" src=\"https:\/\/kleiner-ritter-der-unbefleckten.de\/wp-content\/uploads\/2014\/10\/Schutzengel-.jpg\" alt=\"Schutzengel-\" width=\"249\" height=\"300\" \/><\/a>Die Ferien sind wieder vorbei. Ab Montag darfst Du wieder zur Schule gehen.<\/p>\n<p style=\"text-align: center;\">Freue Dich, dass Du eine Schule besuchen darfst, auch wenn Dir eventuell nicht alle Unterrichtsf\u00e4cher gefallen. Ich denke, seit dem\u00a0 Jahr 2020 ist uns bewusst, was es bedeutet, wenn die Schulen geschlossen sind.<br \/>\nNimm Deinen Schutzengel mit, damit Du auf Gottes Wegen wandeln kannst.<\/p>\n<p style=\"text-align: center;\">Ja, lass Dich f\u00fchren. Du wirst sehen, wie gl\u00fccklich es Dich macht, wenn Du Dich geborgen f\u00fchlen kannst und nicht alleine unterwegs bist.<\/p>\n","protected":false},"excerpt":{"rendered":"<p>Die Ferien sind wieder vorbei. Ab Montag darfst Du wieder zur Schule gehen. Freue Dich, dass Du eine Schule besuchen darfst, auch wenn Dir eventuell nicht alle Unterrichtsf\u00e4cher gefallen. Ich denke, seit dem\u00a0 Jahr 2020 ist uns bewusst, was es &hellip; <a href=\"https:\/\/kleiner-ritter-der-unbefleckten.de\/?p=1256\">Weiterlesen <span class=\"meta-nav\">&rarr;<\/span><\/a><\/p>\n","protected":false},"author":3,"featured_media":0,"comment_status":"open","ping_status":"closed","sticky":false,"template":"","format":"standard","meta":{"footnotes":""},"categories":[1,23],"tags":[],"class_list":["post-1256","post","type-post","status-publish","format-standard","hentry","category-aktuell","category-engel"],"_links":{"self":[{"href":"https:\/\/kleiner-ritter-der-unbefleckten.de\/index.php?rest_route=\/wp\/v2\/posts\/1256","targetHints":{"allow":["GET"]}}],"collection":[{"href":"https:\/\/kleiner-ritter-der-unbefleckten.de\/index.php?rest_route=\/wp\/v2\/posts"}],"about":[{"href":"https:\/\/kleiner-ritter-der-unbefleckten.de\/index.php?rest_route=\/wp\/v2\/types\/post"}],"author":[{"embeddable":true,"href":"https:\/\/kleiner-ritter-der-unbefleckten.de\/index.php?rest_route=\/wp\/v2\/users\/3"}],"replies":[{"embeddable":true,"href":"https:\/\/kleiner-ritter-der-unbefleckten.de\/index.php?rest_route=%2Fwp%2Fv2%2Fcomments&post=1256"}],"version-history":[{"count":8,"href":"https:\/\/kleiner-ritter-der-unbefleckten.de\/index.php?rest_route=\/wp\/v2\/posts\/1256\/revisions"}],"predecessor-version":[{"id":3600,"href":"https:\/\/kleiner-ritter-der-unbefleckten.de\/index.php?rest_route=\/wp\/v2\/posts\/1256\/revisions\/3600"}],"wp:attachment":[{"href":"https:\/\/kleiner-ritter-der-unbefleckten.de\/index.php?rest_route=%2Fwp%2Fv2%2Fmedia&parent=1256"}],"wp:term":[{"taxonomy":"category","embeddable":true,"href":"https:\/\/kleiner-ritter-der-unbefleckten.de\/index.php?rest_route=%2Fwp%2Fv2%2Fcategories&post=1256"},{"taxonomy":"post_tag","embeddable":true,"href":"https:\/\/kleiner-ritter-der-unbefleckten.de\/index.php?rest_route=%2Fwp%2Fv2%2Ftags&post=1256"}],"curies":[{"name":"wp","href":"https:\/\/api.w.org\/{rel}","templated":true}]}}