{"id":1330,"date":"2026-04-27T00:00:00","date_gmt":"2026-04-26T22:00:00","guid":{"rendered":"http:\/\/apostolatsgemeinschaft.eu\/kl-ritter\/?p=1330"},"modified":"2026-03-24T08:32:30","modified_gmt":"2026-03-24T07:32:30","slug":"religionsunterricht-im-jahr-1958","status":"publish","type":"post","link":"https:\/\/kleiner-ritter-der-unbefleckten.de\/?p=1330","title":{"rendered":"Religionsunterricht im Jahr 1958"},"content":{"rendered":"<p>Im Religionsunterricht lernten die Kinder im Jahr 1958 einiges \u00fcber die heilige Messe. Was habt ihr in der Schule schon \u00fcber die heilige Messe geh\u00f6rt? Ich w\u00fcrde mich \u00fcber Beitr\u00e4ge sehr freuen.<\/p>\n<p><a href=\"https:\/\/kleiner-ritter-der-unbefleckten.de\/wp-content\/uploads\/2015\/04\/KIrchenger\u00e4te-2.jpg\"><img loading=\"lazy\" decoding=\"async\" class=\"size-medium wp-image-1331 alignleft\" src=\"https:\/\/kleiner-ritter-der-unbefleckten.de\/wp-content\/uploads\/2015\/04\/KIrchenger\u00e4te-2-228x300.jpg\" alt=\"KIrchenger\u00e4te (2)\" width=\"228\" height=\"300\" srcset=\"https:\/\/kleiner-ritter-der-unbefleckten.de\/wp-content\/uploads\/2015\/04\/KIrchenger\u00e4te-2-228x300.jpg 228w, https:\/\/kleiner-ritter-der-unbefleckten.de\/wp-content\/uploads\/2015\/04\/KIrchenger\u00e4te-2-779x1024.jpg 779w, https:\/\/kleiner-ritter-der-unbefleckten.de\/wp-content\/uploads\/2015\/04\/KIrchenger\u00e4te-2.jpg 1578w\" sizes=\"auto, (max-width: 228px) 100vw, 228px\" \/><\/a>&nbsp;In dieser Unterrichtsstunde ging es um die heiligen Messgef\u00e4\u00dfe und um die heiligen Gew\u00e4nder.<\/p>\n<p>&nbsp;<\/p>\n<p>H\u00e4ttest Du die verschiedenen Namen gewusst?<\/p>\n<p>&nbsp;<\/p>\n<p>&nbsp;<\/p>\n","protected":false},"excerpt":{"rendered":"<p>Im Religionsunterricht lernten die Kinder im Jahr 1958 einiges \u00fcber die heilige Messe. Was habt ihr in der Schule schon \u00fcber die heilige Messe geh\u00f6rt? Ich w\u00fcrde mich \u00fcber Beitr\u00e4ge sehr freuen. &nbsp;In dieser Unterrichtsstunde ging es um die heiligen &hellip; <a href=\"https:\/\/kleiner-ritter-der-unbefleckten.de\/?p=1330\">Weiterlesen <span class=\"meta-nav\">&rarr;<\/span><\/a><\/p>\n","protected":false},"author":3,"featured_media":0,"comment_status":"open","ping_status":"closed","sticky":false,"template":"","format":"standard","meta":{"footnotes":""},"categories":[1],"tags":[],"class_list":["post-1330","post","type-post","status-publish","format-standard","hentry","category-aktuell"],"_links":{"self":[{"href":"https:\/\/kleiner-ritter-der-unbefleckten.de\/index.php?rest_route=\/wp\/v2\/posts\/1330","targetHints":{"allow":["GET"]}}],"collection":[{"href":"https:\/\/kleiner-ritter-der-unbefleckten.de\/index.php?rest_route=\/wp\/v2\/posts"}],"about":[{"href":"https:\/\/kleiner-ritter-der-unbefleckten.de\/index.php?rest_route=\/wp\/v2\/types\/post"}],"author":[{"embeddable":true,"href":"https:\/\/kleiner-ritter-der-unbefleckten.de\/index.php?rest_route=\/wp\/v2\/users\/3"}],"replies":[{"embeddable":true,"href":"https:\/\/kleiner-ritter-der-unbefleckten.de\/index.php?rest_route=%2Fwp%2Fv2%2Fcomments&post=1330"}],"version-history":[{"count":3,"href":"https:\/\/kleiner-ritter-der-unbefleckten.de\/index.php?rest_route=\/wp\/v2\/posts\/1330\/revisions"}],"predecessor-version":[{"id":2424,"href":"https:\/\/kleiner-ritter-der-unbefleckten.de\/index.php?rest_route=\/wp\/v2\/posts\/1330\/revisions\/2424"}],"wp:attachment":[{"href":"https:\/\/kleiner-ritter-der-unbefleckten.de\/index.php?rest_route=%2Fwp%2Fv2%2Fmedia&parent=1330"}],"wp:term":[{"taxonomy":"category","embeddable":true,"href":"https:\/\/kleiner-ritter-der-unbefleckten.de\/index.php?rest_route=%2Fwp%2Fv2%2Fcategories&post=1330"},{"taxonomy":"post_tag","embeddable":true,"href":"https:\/\/kleiner-ritter-der-unbefleckten.de\/index.php?rest_route=%2Fwp%2Fv2%2Ftags&post=1330"}],"curies":[{"name":"wp","href":"https:\/\/api.w.org\/{rel}","templated":true}]}}