{"id":1413,"date":"2025-07-18T00:01:00","date_gmt":"2025-07-17T22:01:00","guid":{"rendered":"http:\/\/kleiner-ritter-der-unbefleckten.de\/?p=1413"},"modified":"2025-06-06T10:15:00","modified_gmt":"2025-06-06T08:15:00","slug":"freizeitgestaltung","status":"publish","type":"post","link":"https:\/\/kleiner-ritter-der-unbefleckten.de\/?p=1413","title":{"rendered":"Freizeitgestaltung"},"content":{"rendered":"<p><a href=\"https:\/\/kleiner-ritter-der-unbefleckten.de\/wp-content\/uploads\/2015\/06\/DSCN0051.jpg\"><img loading=\"lazy\" decoding=\"async\" class=\" size-medium wp-image-1414 alignleft\" src=\"https:\/\/kleiner-ritter-der-unbefleckten.de\/wp-content\/uploads\/2015\/06\/DSCN0051-300x225.jpg\" alt=\"DSCN0051\" width=\"300\" height=\"225\" srcset=\"https:\/\/kleiner-ritter-der-unbefleckten.de\/wp-content\/uploads\/2015\/06\/DSCN0051-300x225.jpg 300w, https:\/\/kleiner-ritter-der-unbefleckten.de\/wp-content\/uploads\/2015\/06\/DSCN0051-1024x768.jpg 1024w, https:\/\/kleiner-ritter-der-unbefleckten.de\/wp-content\/uploads\/2015\/06\/DSCN0051.jpg 1600w\" sizes=\"auto, (max-width: 300px) 100vw, 300px\" \/><\/a>Hurra, wir haben Ferien. Diesen Satz habe ich von vielen Kindern geh\u00f6rt.<\/p>\n<p>Doch in den Ferien wissen dann einige nicht, was sie mit der Zeit anfangen sollen.<\/p>\n<p>Anstatt den ganzen Tag im Haus zu hocken, k\u00f6nnte man sich doch auch drau\u00dfen in der Natur aufhalten. Heute habe ich gesehen, was ein Kind in seiner Freizeit macht.<\/p>\n<p><a href=\"https:\/\/kleiner-ritter-der-unbefleckten.de\/wp-content\/uploads\/2015\/06\/DSCN0052.jpg\"><img loading=\"lazy\" decoding=\"async\" class=\" size-medium wp-image-1415 alignleft\" src=\"https:\/\/kleiner-ritter-der-unbefleckten.de\/wp-content\/uploads\/2015\/06\/DSCN0052-300x225.jpg\" alt=\"DSCN0052\" width=\"300\" height=\"225\" srcset=\"https:\/\/kleiner-ritter-der-unbefleckten.de\/wp-content\/uploads\/2015\/06\/DSCN0052-300x225.jpg 300w, https:\/\/kleiner-ritter-der-unbefleckten.de\/wp-content\/uploads\/2015\/06\/DSCN0052-1024x768.jpg 1024w, https:\/\/kleiner-ritter-der-unbefleckten.de\/wp-content\/uploads\/2015\/06\/DSCN0052.jpg 1600w\" sizes=\"auto, (max-width: 300px) 100vw, 300px\" \/><\/a>Er hat sich wie man auf den Bildern sieht einen eigenen &#8222;Biotop&#8220; gebaut und z\u00fcchtet Kaulquappen. Au\u00dferdem hat er einen eigenen Garten angelegt, den er ganz alleine bewirtschaftet.&nbsp; Wie sch\u00f6n ist doch Gottes Natur.<\/p>\n<p>Und was machst Du in den Ferien? Wof\u00fcr bist Du Gott besonders dankbar?<\/p>\n<p>&nbsp;<\/p>\n","protected":false},"excerpt":{"rendered":"<p>Hurra, wir haben Ferien. Diesen Satz habe ich von vielen Kindern geh\u00f6rt. Doch in den Ferien wissen dann einige nicht, was sie mit der Zeit anfangen sollen. Anstatt den ganzen Tag im Haus zu hocken, k\u00f6nnte man sich doch auch &hellip; <a href=\"https:\/\/kleiner-ritter-der-unbefleckten.de\/?p=1413\">Weiterlesen <span class=\"meta-nav\">&rarr;<\/span><\/a><\/p>\n","protected":false},"author":3,"featured_media":0,"comment_status":"open","ping_status":"closed","sticky":false,"template":"","format":"standard","meta":{"footnotes":""},"categories":[1,22],"tags":[],"class_list":["post-1413","post","type-post","status-publish","format-standard","hentry","category-aktuell","category-alltag"],"_links":{"self":[{"href":"https:\/\/kleiner-ritter-der-unbefleckten.de\/index.php?rest_route=\/wp\/v2\/posts\/1413","targetHints":{"allow":["GET"]}}],"collection":[{"href":"https:\/\/kleiner-ritter-der-unbefleckten.de\/index.php?rest_route=\/wp\/v2\/posts"}],"about":[{"href":"https:\/\/kleiner-ritter-der-unbefleckten.de\/index.php?rest_route=\/wp\/v2\/types\/post"}],"author":[{"embeddable":true,"href":"https:\/\/kleiner-ritter-der-unbefleckten.de\/index.php?rest_route=\/wp\/v2\/users\/3"}],"replies":[{"embeddable":true,"href":"https:\/\/kleiner-ritter-der-unbefleckten.de\/index.php?rest_route=%2Fwp%2Fv2%2Fcomments&post=1413"}],"version-history":[{"count":3,"href":"https:\/\/kleiner-ritter-der-unbefleckten.de\/index.php?rest_route=\/wp\/v2\/posts\/1413\/revisions"}],"predecessor-version":[{"id":2520,"href":"https:\/\/kleiner-ritter-der-unbefleckten.de\/index.php?rest_route=\/wp\/v2\/posts\/1413\/revisions\/2520"}],"wp:attachment":[{"href":"https:\/\/kleiner-ritter-der-unbefleckten.de\/index.php?rest_route=%2Fwp%2Fv2%2Fmedia&parent=1413"}],"wp:term":[{"taxonomy":"category","embeddable":true,"href":"https:\/\/kleiner-ritter-der-unbefleckten.de\/index.php?rest_route=%2Fwp%2Fv2%2Fcategories&post=1413"},{"taxonomy":"post_tag","embeddable":true,"href":"https:\/\/kleiner-ritter-der-unbefleckten.de\/index.php?rest_route=%2Fwp%2Fv2%2Ftags&post=1413"}],"curies":[{"name":"wp","href":"https:\/\/api.w.org\/{rel}","templated":true}]}}