{"id":142,"date":"2025-10-29T00:00:00","date_gmt":"2025-10-28T23:00:00","guid":{"rendered":"http:\/\/apostolatsgemeinschaft.eu\/kl-ritter?p=142"},"modified":"2025-07-22T16:27:33","modified_gmt":"2025-07-22T14:27:33","slug":"allerheiligen","status":"publish","type":"post","link":"https:\/\/kleiner-ritter-der-unbefleckten.de\/?p=142","title":{"rendered":"Allerheiligen"},"content":{"rendered":"<p>Wie w\u00e4re es, wenn Du in diesem Jahr Allerheiligen feierst? In den Gesch\u00e4ften und Einrichtungen geht es nur noch um Halloween. Wissen die Personen eigentlich, dass sich Halloween \u00fcberhaupt nicht mit unserem Glauben verbinden l\u00e4sst? Damit Du aber auch einen fr\u00f6hlichen Tag &#8211; ich meine einen Tag in der wahren Fr\u00f6hlichkeit der Kinder Gottes &#8211; verbringen kannst, gestalte doch einen Tag zum Thema Allerheiligen.<\/p>\n<p>Hierbei k\u00f6nntest Du Dich als eine heilige Person verkleiden, Heiligenlegenden lesen &#8230;<br \/>\nEs gibt auch viele Ausmalbilder \u00fcber verschiedene Heilige oder Bastelangebote.<br \/>\nDir f\u00e4llt bestimmt noch viel mehr ein. Schreibe es gerne in den Kommentaren.<\/p>\n<p style=\"text-align: center;\"><a href=\"https:\/\/kleiner-ritter-der-unbefleckten.de\/wp-content\/uploads\/2013\/10\/DSCN0002.jpg\"><img loading=\"lazy\" decoding=\"async\" class=\"alignnone size-large wp-image-128\" src=\"https:\/\/kleiner-ritter-der-unbefleckten.de\/wp-content\/uploads\/2013\/10\/DSCN0002-1024x768.jpg\" alt=\"\" width=\"640\" height=\"480\" srcset=\"https:\/\/kleiner-ritter-der-unbefleckten.de\/wp-content\/uploads\/2013\/10\/DSCN0002-1024x768.jpg 1024w, https:\/\/kleiner-ritter-der-unbefleckten.de\/wp-content\/uploads\/2013\/10\/DSCN0002-300x225.jpg 300w, https:\/\/kleiner-ritter-der-unbefleckten.de\/wp-content\/uploads\/2013\/10\/DSCN0002.jpg 1600w\" sizes=\"auto, (max-width: 640px) 100vw, 640px\" \/><\/a>Bei Interesse k\u00f6nnen wir hier gerne verschiedene Aktionen sammeln.<\/p>\n","protected":false},"excerpt":{"rendered":"<p>Wie w\u00e4re es, wenn Du in diesem Jahr Allerheiligen feierst? In den Gesch\u00e4ften und Einrichtungen geht es nur noch um Halloween. Wissen die Personen eigentlich, dass sich Halloween \u00fcberhaupt nicht mit unserem Glauben verbinden l\u00e4sst? Damit Du aber auch einen &hellip; <a href=\"https:\/\/kleiner-ritter-der-unbefleckten.de\/?p=142\">Weiterlesen <span class=\"meta-nav\">&rarr;<\/span><\/a><\/p>\n","protected":false},"author":3,"featured_media":0,"comment_status":"open","ping_status":"closed","sticky":false,"template":"","format":"standard","meta":{"footnotes":""},"categories":[1,6],"tags":[],"class_list":["post-142","post","type-post","status-publish","format-standard","hentry","category-aktuell","category-heilige"],"_links":{"self":[{"href":"https:\/\/kleiner-ritter-der-unbefleckten.de\/index.php?rest_route=\/wp\/v2\/posts\/142","targetHints":{"allow":["GET"]}}],"collection":[{"href":"https:\/\/kleiner-ritter-der-unbefleckten.de\/index.php?rest_route=\/wp\/v2\/posts"}],"about":[{"href":"https:\/\/kleiner-ritter-der-unbefleckten.de\/index.php?rest_route=\/wp\/v2\/types\/post"}],"author":[{"embeddable":true,"href":"https:\/\/kleiner-ritter-der-unbefleckten.de\/index.php?rest_route=\/wp\/v2\/users\/3"}],"replies":[{"embeddable":true,"href":"https:\/\/kleiner-ritter-der-unbefleckten.de\/index.php?rest_route=%2Fwp%2Fv2%2Fcomments&post=142"}],"version-history":[{"count":8,"href":"https:\/\/kleiner-ritter-der-unbefleckten.de\/index.php?rest_route=\/wp\/v2\/posts\/142\/revisions"}],"predecessor-version":[{"id":3588,"href":"https:\/\/kleiner-ritter-der-unbefleckten.de\/index.php?rest_route=\/wp\/v2\/posts\/142\/revisions\/3588"}],"wp:attachment":[{"href":"https:\/\/kleiner-ritter-der-unbefleckten.de\/index.php?rest_route=%2Fwp%2Fv2%2Fmedia&parent=142"}],"wp:term":[{"taxonomy":"category","embeddable":true,"href":"https:\/\/kleiner-ritter-der-unbefleckten.de\/index.php?rest_route=%2Fwp%2Fv2%2Fcategories&post=142"},{"taxonomy":"post_tag","embeddable":true,"href":"https:\/\/kleiner-ritter-der-unbefleckten.de\/index.php?rest_route=%2Fwp%2Fv2%2Ftags&post=142"}],"curies":[{"name":"wp","href":"https:\/\/api.w.org\/{rel}","templated":true}]}}