{"id":1618,"date":"2025-11-01T00:01:00","date_gmt":"2025-10-31T23:01:00","guid":{"rendered":"http:\/\/kleiner-ritter-der-unbefleckten.de\/?p=1618"},"modified":"2025-07-25T15:57:27","modified_gmt":"2025-07-25T13:57:27","slug":"allerheiligen-2","status":"publish","type":"post","link":"https:\/\/kleiner-ritter-der-unbefleckten.de\/?p=1618","title":{"rendered":"Allerheiligen"},"content":{"rendered":"<p><a href=\"https:\/\/kleiner-ritter-der-unbefleckten.de\/wp-content\/uploads\/2014\/02\/Heilige-JPG1.jpg\"><img loading=\"lazy\" decoding=\"async\" class=\"size-medium wp-image-497 alignleft\" src=\"https:\/\/kleiner-ritter-der-unbefleckten.de\/wp-content\/uploads\/2014\/02\/Heilige-JPG1-283x300.jpg\" alt=\"Heilige-JPG\" width=\"283\" height=\"300\" srcset=\"https:\/\/kleiner-ritter-der-unbefleckten.de\/wp-content\/uploads\/2014\/02\/Heilige-JPG1-283x300.jpg 283w, https:\/\/kleiner-ritter-der-unbefleckten.de\/wp-content\/uploads\/2014\/02\/Heilige-JPG1.jpg 305w\" sizes=\"auto, (max-width: 283px) 100vw, 283px\" \/><\/a>Heute feiern wir das Fest Allerheiligen. Oft denken wir, wenn wir das Wort \u201eHeilige\u201c h\u00f6ren, dass es sich dabei um Menschen handelt, die perfekt waren. Ja viele meinen, dass diese Menschen immer stark waren, nie ges\u00fcndigt haben usw.<br \/>\nDabei haben alle Menschen ihre Schwachheiten und das ist auch gut so. Denn gerade wenn wir schwach sind, dann kann Gott stark sein in uns. Haben wir also Mut und vertrauen wir uns immer wieder Gott an, damit er alles zum Guten wendet. Und wenn wir ges\u00fcndigt haben, dann scheuen wir uns nicht davor, den Beichtstuhl aufzusuchen. Jesus erwartet uns dort in der Person des Priesters, um uns wieder rein zu waschen.<br \/>\nWenn Du Dich einmal n\u00e4her mit den Heiligen besch\u00e4ftigen m\u00f6chtest, dann schau doch einfach mal <a href=\"https:\/\/kleiner-ritter-der-unbefleckten.de\/?page_id=731\">hier<\/a>.<\/p>\n","protected":false},"excerpt":{"rendered":"<p>Heute feiern wir das Fest Allerheiligen. Oft denken wir, wenn wir das Wort \u201eHeilige\u201c h\u00f6ren, dass es sich dabei um Menschen handelt, die perfekt waren. Ja viele meinen, dass diese Menschen immer stark waren, nie ges\u00fcndigt haben usw. Dabei haben &hellip; <a href=\"https:\/\/kleiner-ritter-der-unbefleckten.de\/?p=1618\">Weiterlesen <span class=\"meta-nav\">&rarr;<\/span><\/a><\/p>\n","protected":false},"author":3,"featured_media":0,"comment_status":"open","ping_status":"closed","sticky":false,"template":"","format":"standard","meta":{"footnotes":""},"categories":[6],"tags":[],"class_list":["post-1618","post","type-post","status-publish","format-standard","hentry","category-heilige"],"_links":{"self":[{"href":"https:\/\/kleiner-ritter-der-unbefleckten.de\/index.php?rest_route=\/wp\/v2\/posts\/1618","targetHints":{"allow":["GET"]}}],"collection":[{"href":"https:\/\/kleiner-ritter-der-unbefleckten.de\/index.php?rest_route=\/wp\/v2\/posts"}],"about":[{"href":"https:\/\/kleiner-ritter-der-unbefleckten.de\/index.php?rest_route=\/wp\/v2\/types\/post"}],"author":[{"embeddable":true,"href":"https:\/\/kleiner-ritter-der-unbefleckten.de\/index.php?rest_route=\/wp\/v2\/users\/3"}],"replies":[{"embeddable":true,"href":"https:\/\/kleiner-ritter-der-unbefleckten.de\/index.php?rest_route=%2Fwp%2Fv2%2Fcomments&post=1618"}],"version-history":[{"count":3,"href":"https:\/\/kleiner-ritter-der-unbefleckten.de\/index.php?rest_route=\/wp\/v2\/posts\/1618\/revisions"}],"predecessor-version":[{"id":2601,"href":"https:\/\/kleiner-ritter-der-unbefleckten.de\/index.php?rest_route=\/wp\/v2\/posts\/1618\/revisions\/2601"}],"wp:attachment":[{"href":"https:\/\/kleiner-ritter-der-unbefleckten.de\/index.php?rest_route=%2Fwp%2Fv2%2Fmedia&parent=1618"}],"wp:term":[{"taxonomy":"category","embeddable":true,"href":"https:\/\/kleiner-ritter-der-unbefleckten.de\/index.php?rest_route=%2Fwp%2Fv2%2Fcategories&post=1618"},{"taxonomy":"post_tag","embeddable":true,"href":"https:\/\/kleiner-ritter-der-unbefleckten.de\/index.php?rest_route=%2Fwp%2Fv2%2Ftags&post=1618"}],"curies":[{"name":"wp","href":"https:\/\/api.w.org\/{rel}","templated":true}]}}