{"id":183,"date":"2026-03-14T00:54:00","date_gmt":"2026-03-13T23:54:00","guid":{"rendered":"http:\/\/apostolatsgemeinschaft.eu\/kl-ritter?p=183"},"modified":"2026-02-26T14:45:21","modified_gmt":"2026-02-26T13:45:21","slug":"der-kreuzweg","status":"publish","type":"post","link":"https:\/\/kleiner-ritter-der-unbefleckten.de\/?p=183","title":{"rendered":"Der Kreuzweg"},"content":{"rendered":"<p>Hast Du schon einmal den Kreuzweg Jesu (<a href=\"http:\/\/ecclesiae.de\/blog\/?page_id=10709\">Link<\/a>) betrachtet? Dieses Gebet verbindet uns mit Jesus, da er das alles f\u00fcr uns erlitten hat. Er hat freiwillig das Kreuz auf sich genommen, um uns den Himmel zu \u00f6ffnen. Er geht mit uns auf all unseren Wegen und freut sich, wenn wir ihm unser Herz \u00f6ffnen&#8230;<\/p>\n<p><a href=\"https:\/\/kleiner-ritter-der-unbefleckten.de\/wp-content\/uploads\/2013\/09\/Kreuz.jpg\"><img loading=\"lazy\" decoding=\"async\" class=\"alignnone size-medium wp-image-115\" src=\"https:\/\/kleiner-ritter-der-unbefleckten.de\/wp-content\/uploads\/2013\/09\/Kreuz-219x300.jpg\" alt=\"Kreuz\" width=\"219\" height=\"300\" srcset=\"https:\/\/kleiner-ritter-der-unbefleckten.de\/wp-content\/uploads\/2013\/09\/Kreuz-219x300.jpg 219w, https:\/\/kleiner-ritter-der-unbefleckten.de\/wp-content\/uploads\/2013\/09\/Kreuz-749x1024.jpg 749w, https:\/\/kleiner-ritter-der-unbefleckten.de\/wp-content\/uploads\/2013\/09\/Kreuz.jpg 825w\" sizes=\"auto, (max-width: 219px) 100vw, 219px\" \/><\/a> &nbsp; &nbsp; &nbsp; &nbsp; &nbsp; &nbsp; &nbsp; <a href=\"https:\/\/kleiner-ritter-der-unbefleckten.de\/wp-content\/uploads\/2013\/10\/3.jpg\"><img loading=\"lazy\" decoding=\"async\" class=\"alignnone size-medium wp-image-157\" src=\"https:\/\/kleiner-ritter-der-unbefleckten.de\/wp-content\/uploads\/2013\/10\/3-250x300.jpg\" alt=\"3\" width=\"250\" height=\"300\" srcset=\"https:\/\/kleiner-ritter-der-unbefleckten.de\/wp-content\/uploads\/2013\/10\/3-250x300.jpg 250w, https:\/\/kleiner-ritter-der-unbefleckten.de\/wp-content\/uploads\/2013\/10\/3-853x1024.jpg 853w, https:\/\/kleiner-ritter-der-unbefleckten.de\/wp-content\/uploads\/2013\/10\/3.jpg 1275w\" sizes=\"auto, (max-width: 250px) 100vw, 250px\" \/><\/a><\/p>\n<p>und nach dem Leid folgt die Auferstehung!!! Ja, Jesus lebt!!! Hast Du es schon gesp\u00fcrt???<\/p>\n","protected":false},"excerpt":{"rendered":"<p>Hast Du schon einmal den Kreuzweg Jesu (Link) betrachtet? Dieses Gebet verbindet uns mit Jesus, da er das alles f\u00fcr uns erlitten hat. Er hat freiwillig das Kreuz auf sich genommen, um uns den Himmel zu \u00f6ffnen. Er geht mit &hellip; <a href=\"https:\/\/kleiner-ritter-der-unbefleckten.de\/?p=183\">Weiterlesen <span class=\"meta-nav\">&rarr;<\/span><\/a><\/p>\n","protected":false},"author":3,"featured_media":0,"comment_status":"open","ping_status":"closed","sticky":false,"template":"","format":"standard","meta":{"footnotes":""},"categories":[8,7],"tags":[],"class_list":["post-183","post","type-post","status-publish","format-standard","hentry","category-advent","category-gebet"],"_links":{"self":[{"href":"https:\/\/kleiner-ritter-der-unbefleckten.de\/index.php?rest_route=\/wp\/v2\/posts\/183","targetHints":{"allow":["GET"]}}],"collection":[{"href":"https:\/\/kleiner-ritter-der-unbefleckten.de\/index.php?rest_route=\/wp\/v2\/posts"}],"about":[{"href":"https:\/\/kleiner-ritter-der-unbefleckten.de\/index.php?rest_route=\/wp\/v2\/types\/post"}],"author":[{"embeddable":true,"href":"https:\/\/kleiner-ritter-der-unbefleckten.de\/index.php?rest_route=\/wp\/v2\/users\/3"}],"replies":[{"embeddable":true,"href":"https:\/\/kleiner-ritter-der-unbefleckten.de\/index.php?rest_route=%2Fwp%2Fv2%2Fcomments&post=183"}],"version-history":[{"count":3,"href":"https:\/\/kleiner-ritter-der-unbefleckten.de\/index.php?rest_route=\/wp\/v2\/posts\/183\/revisions"}],"predecessor-version":[{"id":3452,"href":"https:\/\/kleiner-ritter-der-unbefleckten.de\/index.php?rest_route=\/wp\/v2\/posts\/183\/revisions\/3452"}],"wp:attachment":[{"href":"https:\/\/kleiner-ritter-der-unbefleckten.de\/index.php?rest_route=%2Fwp%2Fv2%2Fmedia&parent=183"}],"wp:term":[{"taxonomy":"category","embeddable":true,"href":"https:\/\/kleiner-ritter-der-unbefleckten.de\/index.php?rest_route=%2Fwp%2Fv2%2Fcategories&post=183"},{"taxonomy":"post_tag","embeddable":true,"href":"https:\/\/kleiner-ritter-der-unbefleckten.de\/index.php?rest_route=%2Fwp%2Fv2%2Ftags&post=183"}],"curies":[{"name":"wp","href":"https:\/\/api.w.org\/{rel}","templated":true}]}}