{"id":1840,"date":"2023-08-16T00:00:00","date_gmt":"2023-08-16T00:00:00","guid":{"rendered":"http:\/\/kleiner-ritter-der-unbefleckten.de\/?p=1840"},"modified":"2023-06-26T13:39:44","modified_gmt":"2023-06-26T13:39:44","slug":"schulstart","status":"publish","type":"post","link":"https:\/\/kleiner-ritter-der-unbefleckten.de\/?p=1840","title":{"rendered":"Schulferien in Nigeria"},"content":{"rendered":"\n<div class=\"wp-block-media-text alignwide is-stacked-on-mobile\"><figure class=\"wp-block-media-text__media\"><img loading=\"lazy\" decoding=\"async\" width=\"1024\" height=\"576\" src=\"https:\/\/kleiner-ritter-der-unbefleckten.de\/wp-content\/uploads\/2022\/08\/IMG-20220807-WA0033-1024x576.jpg\" alt=\"\" class=\"wp-image-3235 size-full\" srcset=\"https:\/\/kleiner-ritter-der-unbefleckten.de\/wp-content\/uploads\/2022\/08\/IMG-20220807-WA0033-1024x576.jpg 1024w, https:\/\/kleiner-ritter-der-unbefleckten.de\/wp-content\/uploads\/2022\/08\/IMG-20220807-WA0033-300x169.jpg 300w, https:\/\/kleiner-ritter-der-unbefleckten.de\/wp-content\/uploads\/2022\/08\/IMG-20220807-WA0033-768x432.jpg 768w, https:\/\/kleiner-ritter-der-unbefleckten.de\/wp-content\/uploads\/2022\/08\/IMG-20220807-WA0033.jpg 1032w\" sizes=\"auto, (max-width: 1024px) 100vw, 1024px\" \/><\/figure><div class=\"wp-block-media-text__content\">\n<p class=\"has-text-align-center\">Diese Sch\u00fcler in Nigeria haben jetzt Ferien. Am Sonntag gab es dort ein gro\u00dfes Fest. Sie haben sich f\u00fcr die Schulzeit bedankt. Denn ohne die Hilfe, die sie durch den Verein <a href=\"https:\/\/asn.help\/\">ASN.help<\/a> bekommen, h\u00e4tten einige keine Schule besuchen k\u00f6nnen.<\/p>\n<\/div><\/div>\n\n\n\n<div class=\"wp-block-media-text alignwide has-media-on-the-right is-stacked-on-mobile\"><div class=\"wp-block-media-text__content\">\n<p class=\"has-text-align-center\">Gleichzeitig wurde dort das &#8222;Wasserprojekt&#8220; eingeweiht. Endlich gibt es dort Wasser.<\/p>\n\n\n\n<p class=\"has-text-align-center\">K\u00f6nntet ihr euch eine Schule ohne Wasser vorstellen?<br><\/p>\n<\/div><figure class=\"wp-block-media-text__media\"><img loading=\"lazy\" decoding=\"async\" width=\"569\" height=\"603\" src=\"https:\/\/kleiner-ritter-der-unbefleckten.de\/wp-content\/uploads\/2022\/08\/IMG-20220807-WA0001-2.jpg\" alt=\"\" class=\"wp-image-3236 size-full\" srcset=\"https:\/\/kleiner-ritter-der-unbefleckten.de\/wp-content\/uploads\/2022\/08\/IMG-20220807-WA0001-2.jpg 569w, https:\/\/kleiner-ritter-der-unbefleckten.de\/wp-content\/uploads\/2022\/08\/IMG-20220807-WA0001-2-283x300.jpg 283w\" sizes=\"auto, (max-width: 569px) 100vw, 569px\" \/><\/figure><\/div>\n\n\n\n<p class=\"has-text-align-center\">Doch jetzt steht wieder etwas an: Das Dach der Schule ist kaputt. Wie w\u00e4re es f\u00fcr Dich, wenn Du in einer Schule sitzt und nass wirst, weil das Dach viele L\u00f6cher hat? Wir m\u00f6chten den Sch\u00fclern gerne helfen und mit Hilfe von vielen Menschen Geld f\u00fcr ein neues Dach sammeln.<\/p>\n\n\n\n<p> <\/p>\n\n\n\n<figure class=\"wp-block-image size-full\"><a href=\"https:\/\/kleiner-ritter-der-unbefleckten.de\/wp-content\/uploads\/2023\/06\/Nigeria-Dach-1.jpg\"><img loading=\"lazy\" decoding=\"async\" width=\"757\" height=\"757\" src=\"https:\/\/kleiner-ritter-der-unbefleckten.de\/wp-content\/uploads\/2023\/06\/Nigeria-Dach-1.jpg\" alt=\"\" class=\"wp-image-3441\" srcset=\"https:\/\/kleiner-ritter-der-unbefleckten.de\/wp-content\/uploads\/2023\/06\/Nigeria-Dach-1.jpg 757w, https:\/\/kleiner-ritter-der-unbefleckten.de\/wp-content\/uploads\/2023\/06\/Nigeria-Dach-1-300x300.jpg 300w, https:\/\/kleiner-ritter-der-unbefleckten.de\/wp-content\/uploads\/2023\/06\/Nigeria-Dach-1-150x150.jpg 150w\" sizes=\"auto, (max-width: 757px) 100vw, 757px\" \/><\/a><\/figure>\n","protected":false},"excerpt":{"rendered":"<p>Diese Sch\u00fcler in Nigeria haben jetzt Ferien. Am Sonntag gab es dort ein gro\u00dfes Fest. Sie haben sich f\u00fcr die Schulzeit bedankt. Denn ohne die Hilfe, die sie durch den Verein ASN.help bekommen, h\u00e4tten einige keine Schule besuchen k\u00f6nnen. Gleichzeitig &hellip; <a href=\"https:\/\/kleiner-ritter-der-unbefleckten.de\/?p=1840\">Weiterlesen <span class=\"meta-nav\">&rarr;<\/span><\/a><\/p>\n","protected":false},"author":3,"featured_media":0,"comment_status":"open","ping_status":"closed","sticky":false,"template":"","format":"standard","meta":{"footnotes":""},"categories":[1],"tags":[],"class_list":["post-1840","post","type-post","status-publish","format-standard","hentry","category-aktuell"],"_links":{"self":[{"href":"https:\/\/kleiner-ritter-der-unbefleckten.de\/index.php?rest_route=\/wp\/v2\/posts\/1840","targetHints":{"allow":["GET"]}}],"collection":[{"href":"https:\/\/kleiner-ritter-der-unbefleckten.de\/index.php?rest_route=\/wp\/v2\/posts"}],"about":[{"href":"https:\/\/kleiner-ritter-der-unbefleckten.de\/index.php?rest_route=\/wp\/v2\/types\/post"}],"author":[{"embeddable":true,"href":"https:\/\/kleiner-ritter-der-unbefleckten.de\/index.php?rest_route=\/wp\/v2\/users\/3"}],"replies":[{"embeddable":true,"href":"https:\/\/kleiner-ritter-der-unbefleckten.de\/index.php?rest_route=%2Fwp%2Fv2%2Fcomments&post=1840"}],"version-history":[{"count":8,"href":"https:\/\/kleiner-ritter-der-unbefleckten.de\/index.php?rest_route=\/wp\/v2\/posts\/1840\/revisions"}],"predecessor-version":[{"id":3442,"href":"https:\/\/kleiner-ritter-der-unbefleckten.de\/index.php?rest_route=\/wp\/v2\/posts\/1840\/revisions\/3442"}],"wp:attachment":[{"href":"https:\/\/kleiner-ritter-der-unbefleckten.de\/index.php?rest_route=%2Fwp%2Fv2%2Fmedia&parent=1840"}],"wp:term":[{"taxonomy":"category","embeddable":true,"href":"https:\/\/kleiner-ritter-der-unbefleckten.de\/index.php?rest_route=%2Fwp%2Fv2%2Fcategories&post=1840"},{"taxonomy":"post_tag","embeddable":true,"href":"https:\/\/kleiner-ritter-der-unbefleckten.de\/index.php?rest_route=%2Fwp%2Fv2%2Ftags&post=1840"}],"curies":[{"name":"wp","href":"https:\/\/api.w.org\/{rel}","templated":true}]}}