{"id":191,"date":"2025-11-08T00:00:00","date_gmt":"2025-11-07T23:00:00","guid":{"rendered":"http:\/\/apostolatsgemeinschaft.eu\/kl-ritter?p=191"},"modified":"2025-07-25T15:59:44","modified_gmt":"2025-07-25T13:59:44","slug":"sankt-martin","status":"publish","type":"post","link":"https:\/\/kleiner-ritter-der-unbefleckten.de\/?p=191","title":{"rendered":"Sankt Martin"},"content":{"rendered":"<p>Am 11.11. wird in vielen Gemeinden des heiligen Martins gedacht.\u00a0 Ein sehr sch\u00f6ner Brauchtum. Es werden Laternen gebastelt, Martinslieder gesungen und die Legende erz\u00e4hlt.\u00a0 In den Gegenden, wo es dieses Brauchtum nicht gibt, kann man auch zuhause etwas machen: Ihr k\u00f6nnt auch zuhause die sch\u00f6nen Lieder singen, mit eurer Laterne gehen und die Martinslegende nachspielen. Das macht auch viel Freude. Und vielleicht macht ihr es euch danach sch\u00f6n gem\u00fctlich und esst gemeinsam (so wie es bei uns Brauch ist) eine Brezel und trinkt einen hei\u00dfen Kakao oder \u00e4hnliches dazu.<br \/>\nEine Legende findest du <a href=\"https:\/\/kleiner-ritter-der-unbefleckten.de\/wp-content\/uploads\/2014\/05\/Martin.pdf\">hier<\/a>. Doch vom hl. Martin gibt es noch mehr Legenden. Vielleicht schickst du mir eine zu?<\/p>\n<p>Warum werden eigentlich zum Martinsfest oft G\u00e4nse gebacken? Auch hierzu gibt es eine Legende. Ich bin gespannt auf eure Antworten.<\/p>\n<p><a href=\"https:\/\/kleiner-ritter-der-unbefleckten.de\/wp-content\/uploads\/2013\/11\/IMAG0352.jpg\"><img loading=\"lazy\" decoding=\"async\" class=\"alignnone wp-image-231\" src=\"https:\/\/kleiner-ritter-der-unbefleckten.de\/wp-content\/uploads\/2013\/11\/IMAG0352-300x261.jpg\" alt=\"IMAG0352\" width=\"150\" height=\"131\" srcset=\"https:\/\/kleiner-ritter-der-unbefleckten.de\/wp-content\/uploads\/2013\/11\/IMAG0352-300x261.jpg 300w, https:\/\/kleiner-ritter-der-unbefleckten.de\/wp-content\/uploads\/2013\/11\/IMAG0352-1024x892.jpg 1024w, https:\/\/kleiner-ritter-der-unbefleckten.de\/wp-content\/uploads\/2013\/11\/IMAG0352.jpg 1595w\" sizes=\"auto, (max-width: 150px) 100vw, 150px\" \/><\/a> <a href=\"https:\/\/kleiner-ritter-der-unbefleckten.de\/wp-content\/uploads\/2013\/11\/IMAG0350.jpg\"><img loading=\"lazy\" decoding=\"async\" class=\"alignnone wp-image-229\" src=\"https:\/\/kleiner-ritter-der-unbefleckten.de\/wp-content\/uploads\/2013\/11\/IMAG0350-300x249.jpg\" alt=\"IMAG0350\" width=\"158\" height=\"131\" srcset=\"https:\/\/kleiner-ritter-der-unbefleckten.de\/wp-content\/uploads\/2013\/11\/IMAG0350-300x249.jpg 300w, https:\/\/kleiner-ritter-der-unbefleckten.de\/wp-content\/uploads\/2013\/11\/IMAG0350-1024x850.jpg 1024w, https:\/\/kleiner-ritter-der-unbefleckten.de\/wp-content\/uploads\/2013\/11\/IMAG0350.jpg 1726w\" sizes=\"auto, (max-width: 158px) 100vw, 158px\" \/><\/a> <a href=\"https:\/\/kleiner-ritter-der-unbefleckten.de\/wp-content\/uploads\/2013\/11\/IMAG0349.jpg\"><img loading=\"lazy\" decoding=\"async\" class=\"alignnone wp-image-228\" src=\"https:\/\/kleiner-ritter-der-unbefleckten.de\/wp-content\/uploads\/2013\/11\/IMAG0349-300x233.jpg\" alt=\"IMAG0349\" width=\"169\" height=\"131\" srcset=\"https:\/\/kleiner-ritter-der-unbefleckten.de\/wp-content\/uploads\/2013\/11\/IMAG0349-300x233.jpg 300w, https:\/\/kleiner-ritter-der-unbefleckten.de\/wp-content\/uploads\/2013\/11\/IMAG0349-1024x796.jpg 1024w, https:\/\/kleiner-ritter-der-unbefleckten.de\/wp-content\/uploads\/2013\/11\/IMAG0349.jpg 1716w\" sizes=\"auto, (max-width: 169px) 100vw, 169px\" \/><\/a><a href=\"https:\/\/kleiner-ritter-der-unbefleckten.de\/wp-content\/uploads\/2013\/11\/IMAG0351.jpg\"><img loading=\"lazy\" decoding=\"async\" class=\"alignnone wp-image-230\" src=\"https:\/\/kleiner-ritter-der-unbefleckten.de\/wp-content\/uploads\/2013\/11\/IMAG0351-233x300.jpg\" alt=\"IMAG0351\" width=\"102\" height=\"131\" srcset=\"https:\/\/kleiner-ritter-der-unbefleckten.de\/wp-content\/uploads\/2013\/11\/IMAG0351-233x300.jpg 233w, https:\/\/kleiner-ritter-der-unbefleckten.de\/wp-content\/uploads\/2013\/11\/IMAG0351-797x1024.jpg 797w, https:\/\/kleiner-ritter-der-unbefleckten.de\/wp-content\/uploads\/2013\/11\/IMAG0351.jpg 1401w\" sizes=\"auto, (max-width: 102px) 100vw, 102px\" \/><\/a><a href=\"https:\/\/kleiner-ritter-der-unbefleckten.de\/wp-content\/uploads\/2013\/11\/IMAG0348.jpg\"><img loading=\"lazy\" decoding=\"async\" class=\"alignnone wp-image-227\" src=\"https:\/\/kleiner-ritter-der-unbefleckten.de\/wp-content\/uploads\/2013\/11\/IMAG0348-157x300.jpg\" alt=\"IMAG0348\" width=\"69\" height=\"131\" srcset=\"https:\/\/kleiner-ritter-der-unbefleckten.de\/wp-content\/uploads\/2013\/11\/IMAG0348-157x300.jpg 157w, https:\/\/kleiner-ritter-der-unbefleckten.de\/wp-content\/uploads\/2013\/11\/IMAG0348-537x1024.jpg 537w, https:\/\/kleiner-ritter-der-unbefleckten.de\/wp-content\/uploads\/2013\/11\/IMAG0348.jpg 1060w\" sizes=\"auto, (max-width: 69px) 100vw, 69px\" \/><\/a> <a href=\"https:\/\/kleiner-ritter-der-unbefleckten.de\/wp-content\/uploads\/2013\/11\/IMAG0346.jpg\"><img loading=\"lazy\" decoding=\"async\" class=\"alignnone wp-image-226\" src=\"https:\/\/kleiner-ritter-der-unbefleckten.de\/wp-content\/uploads\/2013\/11\/IMAG0346-300x190.jpg\" alt=\"IMAG0346\" width=\"206\" height=\"131\" srcset=\"https:\/\/kleiner-ritter-der-unbefleckten.de\/wp-content\/uploads\/2013\/11\/IMAG0346-300x190.jpg 300w, https:\/\/kleiner-ritter-der-unbefleckten.de\/wp-content\/uploads\/2013\/11\/IMAG0346-1024x650.jpg 1024w, https:\/\/kleiner-ritter-der-unbefleckten.de\/wp-content\/uploads\/2013\/11\/IMAG0346.jpg 2038w\" sizes=\"auto, (max-width: 206px) 100vw, 206px\" \/><\/a><a href=\"https:\/\/kleiner-ritter-der-unbefleckten.de\/wp-content\/uploads\/2013\/11\/IMAG0345.jpg\"><img loading=\"lazy\" decoding=\"async\" class=\"alignnone wp-image-225\" src=\"https:\/\/kleiner-ritter-der-unbefleckten.de\/wp-content\/uploads\/2013\/11\/IMAG0345-226x300.jpg\" alt=\"IMAG0345\" width=\"99\" height=\"131\" srcset=\"https:\/\/kleiner-ritter-der-unbefleckten.de\/wp-content\/uploads\/2013\/11\/IMAG0345-226x300.jpg 226w, https:\/\/kleiner-ritter-der-unbefleckten.de\/wp-content\/uploads\/2013\/11\/IMAG0345-772x1024.jpg 772w, https:\/\/kleiner-ritter-der-unbefleckten.de\/wp-content\/uploads\/2013\/11\/IMAG0345.jpg 1259w\" sizes=\"auto, (max-width: 99px) 100vw, 99px\" \/><\/a><a href=\"https:\/\/kleiner-ritter-der-unbefleckten.de\/wp-content\/uploads\/2013\/11\/Laterne-Vogel.jpg\"><img loading=\"lazy\" decoding=\"async\" class=\"alignnone wp-image-1168\" src=\"https:\/\/kleiner-ritter-der-unbefleckten.de\/wp-content\/uploads\/2013\/11\/Laterne-Vogel-225x300.jpg\" alt=\"Laterne-Vogel\" width=\"98\" height=\"131\" srcset=\"https:\/\/kleiner-ritter-der-unbefleckten.de\/wp-content\/uploads\/2013\/11\/Laterne-Vogel-225x300.jpg 225w, https:\/\/kleiner-ritter-der-unbefleckten.de\/wp-content\/uploads\/2013\/11\/Laterne-Vogel.jpg 720w\" sizes=\"auto, (max-width: 98px) 100vw, 98px\" \/><\/a><a href=\"https:\/\/kleiner-ritter-der-unbefleckten.de\/wp-content\/uploads\/2013\/11\/Laterne-Eule-2.jpg\"><img loading=\"lazy\" decoding=\"async\" class=\"alignnone wp-image-1167\" src=\"https:\/\/kleiner-ritter-der-unbefleckten.de\/wp-content\/uploads\/2013\/11\/Laterne-Eule-2-290x300.jpg\" alt=\"Laterne-Eule (2)\" width=\"127\" height=\"131\" srcset=\"https:\/\/kleiner-ritter-der-unbefleckten.de\/wp-content\/uploads\/2013\/11\/Laterne-Eule-2-290x300.jpg 290w, https:\/\/kleiner-ritter-der-unbefleckten.de\/wp-content\/uploads\/2013\/11\/Laterne-Eule-2.jpg 702w\" sizes=\"auto, (max-width: 127px) 100vw, 127px\" \/><\/a><a href=\"https:\/\/kleiner-ritter-der-unbefleckten.de\/wp-content\/uploads\/2013\/11\/Laterne-2.jpg\"><img loading=\"lazy\" decoding=\"async\" class=\"alignnone wp-image-1166\" src=\"https:\/\/kleiner-ritter-der-unbefleckten.de\/wp-content\/uploads\/2013\/11\/Laterne-2-97x300.jpg\" alt=\"Laterne (2)\" width=\"42\" height=\"131\" \/>\u00a0\u00a0 <\/a><a href=\"https:\/\/kleiner-ritter-der-unbefleckten.de\/wp-content\/uploads\/2024\/11\/Laterne-scaled.jpg\"><img loading=\"lazy\" decoding=\"async\" class=\"alignnone  wp-image-3685\" src=\"https:\/\/kleiner-ritter-der-unbefleckten.de\/wp-content\/uploads\/2024\/11\/Laterne-884x1024.jpg\" alt=\"\" width=\"114\" height=\"132\" srcset=\"https:\/\/kleiner-ritter-der-unbefleckten.de\/wp-content\/uploads\/2024\/11\/Laterne-884x1024.jpg 884w, https:\/\/kleiner-ritter-der-unbefleckten.de\/wp-content\/uploads\/2024\/11\/Laterne-259x300.jpg 259w, https:\/\/kleiner-ritter-der-unbefleckten.de\/wp-content\/uploads\/2024\/11\/Laterne-768x890.jpg 768w, https:\/\/kleiner-ritter-der-unbefleckten.de\/wp-content\/uploads\/2024\/11\/Laterne-1326x1536.jpg 1326w, https:\/\/kleiner-ritter-der-unbefleckten.de\/wp-content\/uploads\/2024\/11\/Laterne-1768x2048.jpg 1768w\" sizes=\"auto, (max-width: 114px) 100vw, 114px\" \/><\/a><!--more--><\/p>\n","protected":false},"excerpt":{"rendered":"<p>Am 11.11. wird in vielen Gemeinden des heiligen Martins gedacht.\u00a0 Ein sehr sch\u00f6ner Brauchtum. Es werden Laternen gebastelt, Martinslieder gesungen und die Legende erz\u00e4hlt.\u00a0 In den Gegenden, wo es dieses Brauchtum nicht gibt, kann man auch zuhause etwas machen: Ihr &hellip; <a href=\"https:\/\/kleiner-ritter-der-unbefleckten.de\/?p=191\">Weiterlesen <span class=\"meta-nav\">&rarr;<\/span><\/a><\/p>\n","protected":false},"author":3,"featured_media":0,"comment_status":"open","ping_status":"closed","sticky":false,"template":"","format":"standard","meta":{"footnotes":""},"categories":[1,6],"tags":[],"class_list":["post-191","post","type-post","status-publish","format-standard","hentry","category-aktuell","category-heilige"],"_links":{"self":[{"href":"https:\/\/kleiner-ritter-der-unbefleckten.de\/index.php?rest_route=\/wp\/v2\/posts\/191","targetHints":{"allow":["GET"]}}],"collection":[{"href":"https:\/\/kleiner-ritter-der-unbefleckten.de\/index.php?rest_route=\/wp\/v2\/posts"}],"about":[{"href":"https:\/\/kleiner-ritter-der-unbefleckten.de\/index.php?rest_route=\/wp\/v2\/types\/post"}],"author":[{"embeddable":true,"href":"https:\/\/kleiner-ritter-der-unbefleckten.de\/index.php?rest_route=\/wp\/v2\/users\/3"}],"replies":[{"embeddable":true,"href":"https:\/\/kleiner-ritter-der-unbefleckten.de\/index.php?rest_route=%2Fwp%2Fv2%2Fcomments&post=191"}],"version-history":[{"count":13,"href":"https:\/\/kleiner-ritter-der-unbefleckten.de\/index.php?rest_route=\/wp\/v2\/posts\/191\/revisions"}],"predecessor-version":[{"id":3686,"href":"https:\/\/kleiner-ritter-der-unbefleckten.de\/index.php?rest_route=\/wp\/v2\/posts\/191\/revisions\/3686"}],"wp:attachment":[{"href":"https:\/\/kleiner-ritter-der-unbefleckten.de\/index.php?rest_route=%2Fwp%2Fv2%2Fmedia&parent=191"}],"wp:term":[{"taxonomy":"category","embeddable":true,"href":"https:\/\/kleiner-ritter-der-unbefleckten.de\/index.php?rest_route=%2Fwp%2Fv2%2Fcategories&post=191"},{"taxonomy":"post_tag","embeddable":true,"href":"https:\/\/kleiner-ritter-der-unbefleckten.de\/index.php?rest_route=%2Fwp%2Fv2%2Ftags&post=191"}],"curies":[{"name":"wp","href":"https:\/\/api.w.org\/{rel}","templated":true}]}}