{"id":2169,"date":"2025-09-13T00:01:00","date_gmt":"2025-09-12T22:01:00","guid":{"rendered":"http:\/\/kleiner-ritter-der-unbefleckten.de\/?p=2169"},"modified":"2025-07-11T09:34:28","modified_gmt":"2025-07-11T07:34:28","slug":"test","status":"publish","type":"post","link":"https:\/\/kleiner-ritter-der-unbefleckten.de\/?p=2169","title":{"rendered":"Das Leben Mariens"},"content":{"rendered":"<div style=\"width: 640px;\" class=\"wp-video\"><video class=\"wp-video-shortcode\" id=\"video-2169-1\" width=\"640\" height=\"360\" preload=\"metadata\" controls=\"controls\"><source type=\"video\/mp4\" src=\"http:\/\/fjm-ritter.info\/Audio\/BOX\/Sr\/VID_20170909_150358.mp4?_=1\" \/><a href=\"http:\/\/fjm-ritter.info\/Audio\/BOX\/Sr\/VID_20170909_150358.mp4\">http:\/\/fjm-ritter.info\/Audio\/BOX\/Sr\/VID_20170909_150358.mp4<\/a><\/video><\/div>\n<p>Bei einem Treffen haben wir uns mit dem Leben Mariens besch\u00e4ftigt. Wir gingen unter anderem der Frage nach: &#8222;Was w\u00e4re gewesen, wenn Maria nicht ihr JA gegeben h\u00e4tte?&#8220; Die Kinder waren sehr eifrig bei der Sache, so dass wir gar nicht bemerkten, wie die Stunden vergingen.<br \/>\nTIPP: Diese Bastelarbeit eignet sich vor allem f\u00fcr Exerzitientage. Da k\u00f6nnte man 3-4 Tage lang je eine Einheit besprechen und dann auch darstellen. Am Ende der Tage w\u00e4re dann das &#8222;Karussell&#8220; fertig.<br \/>\nWir w\u00fcnschen euch schon jetzt viel Freude und Segen damit!<\/p>\n<p>In dieser <a href=\"https:\/\/kleiner-ritter-der-unbefleckten.de\/wp-content\/uploads\/2017\/09\/Das-Leben-Mariens.pdf\">PDF<\/a> findest Du eine Anleitung. Solltest Du noch Fragen haben, dann schreibe mich gerne an.<\/p>\n","protected":false},"excerpt":{"rendered":"<p>http:\/\/fjm-ritter.info\/Audio\/BOX\/Sr\/VID_20170909_150358.mp4 Bei einem Treffen haben wir uns mit dem Leben Mariens besch\u00e4ftigt. Wir gingen unter anderem der Frage nach: &#8222;Was w\u00e4re gewesen, wenn Maria nicht ihr JA gegeben h\u00e4tte?&#8220; Die Kinder waren sehr eifrig bei der Sache, so dass wir &hellip; <a href=\"https:\/\/kleiner-ritter-der-unbefleckten.de\/?p=2169\">Weiterlesen <span class=\"meta-nav\">&rarr;<\/span><\/a><\/p>\n","protected":false},"author":3,"featured_media":0,"comment_status":"open","ping_status":"closed","sticky":false,"template":"","format":"standard","meta":{"footnotes":""},"categories":[1,20],"tags":[],"class_list":["post-2169","post","type-post","status-publish","format-standard","hentry","category-aktuell","category-muttergottes"],"_links":{"self":[{"href":"https:\/\/kleiner-ritter-der-unbefleckten.de\/index.php?rest_route=\/wp\/v2\/posts\/2169","targetHints":{"allow":["GET"]}}],"collection":[{"href":"https:\/\/kleiner-ritter-der-unbefleckten.de\/index.php?rest_route=\/wp\/v2\/posts"}],"about":[{"href":"https:\/\/kleiner-ritter-der-unbefleckten.de\/index.php?rest_route=\/wp\/v2\/types\/post"}],"author":[{"embeddable":true,"href":"https:\/\/kleiner-ritter-der-unbefleckten.de\/index.php?rest_route=\/wp\/v2\/users\/3"}],"replies":[{"embeddable":true,"href":"https:\/\/kleiner-ritter-der-unbefleckten.de\/index.php?rest_route=%2Fwp%2Fv2%2Fcomments&post=2169"}],"version-history":[{"count":5,"href":"https:\/\/kleiner-ritter-der-unbefleckten.de\/index.php?rest_route=\/wp\/v2\/posts\/2169\/revisions"}],"predecessor-version":[{"id":2825,"href":"https:\/\/kleiner-ritter-der-unbefleckten.de\/index.php?rest_route=\/wp\/v2\/posts\/2169\/revisions\/2825"}],"wp:attachment":[{"href":"https:\/\/kleiner-ritter-der-unbefleckten.de\/index.php?rest_route=%2Fwp%2Fv2%2Fmedia&parent=2169"}],"wp:term":[{"taxonomy":"category","embeddable":true,"href":"https:\/\/kleiner-ritter-der-unbefleckten.de\/index.php?rest_route=%2Fwp%2Fv2%2Fcategories&post=2169"},{"taxonomy":"post_tag","embeddable":true,"href":"https:\/\/kleiner-ritter-der-unbefleckten.de\/index.php?rest_route=%2Fwp%2Fv2%2Ftags&post=2169"}],"curies":[{"name":"wp","href":"https:\/\/api.w.org\/{rel}","templated":true}]}}