{"id":2211,"date":"2024-04-28T00:01:00","date_gmt":"2024-04-28T00:01:00","guid":{"rendered":"http:\/\/kleiner-ritter-der-unbefleckten.de\/?p=2211"},"modified":"2024-08-12T10:21:18","modified_gmt":"2024-08-12T08:21:18","slug":"genesis-21","status":"publish","type":"post","link":"https:\/\/kleiner-ritter-der-unbefleckten.de\/?p=2211","title":{"rendered":"Genesis 21"},"content":{"rendered":"<p><a href=\"https:\/\/kleiner-ritter-der-unbefleckten.de\/wp-content\/uploads\/2016\/03\/bleib-sein-Kind.jpg\"><img loading=\"lazy\" decoding=\"async\" class=\"wp-image-1724 alignleft\" src=\"https:\/\/kleiner-ritter-der-unbefleckten.de\/wp-content\/uploads\/2016\/03\/bleib-sein-Kind-817x1024.jpg\" alt=\"\" width=\"397\" height=\"498\" srcset=\"https:\/\/kleiner-ritter-der-unbefleckten.de\/wp-content\/uploads\/2016\/03\/bleib-sein-Kind-817x1024.jpg 817w, https:\/\/kleiner-ritter-der-unbefleckten.de\/wp-content\/uploads\/2016\/03\/bleib-sein-Kind-239x300.jpg 239w, https:\/\/kleiner-ritter-der-unbefleckten.de\/wp-content\/uploads\/2016\/03\/bleib-sein-Kind.jpg 1986w\" sizes=\"auto, (max-width: 397px) 100vw, 397px\" \/><\/a>Die Geburt Isaaks<\/p>\n<p>Der Herr nahm sich der Sara an, wie er verhei\u00dfen hatte; er tat an ihr, wie er gesprochen. Sara empfing und schenkte dem Abraham in seinem Greisenalter einen Sohn zur festgesetzten Zeit, von der Gott gesprochen hatte. Abraham nannte den Sohn, den Sara ihm geboren, Isaak. Er beschnitt seinen Sohn Isaak, als dieser acht Tage alt war, gem\u00e4\u00df dem Befehle Gottes. Im Alter von hundert Jahren wurde dem Abraham sein Sohn Isaak geboren. Da sprach Sara:&nbsp;\u00bbEin Lachen hat mir Gott geschaffen; jeder, der davon vernimmt, wird meinetwegen lachen.\u00ab&nbsp;Sie fuhr fort:&nbsp;\u00bbWer h\u00e4tte je dem Abraham vorausgesagt, dass Sara noch Kinder stillen wird? Dennoch habe ich ihm in seinem Greisenalter einen Sohn geboren.\u00ab&nbsp;Das Kind wuchs heran und wurde entw\u00f6hnt. Abraham veranstaltete am Tage von Isaaks Entw\u00f6hnung ein gro\u00dfes Festmahl. (<a href=\"http:\/\/vulgata.info\/index.php?title=Kategorie:Vulgata:AT:1Mos21\">Genesis 21,1-8<\/a>)<\/p>\n<p>&nbsp;<\/p>\n<p><strong>Tats\u00e4chlich, Gott hat sein Versprechen gehalten.<\/strong><\/p>\n<p>Jetzt schau einmal in dein Leben. Wo hast Du schon gro\u00dfe Freuden erlebt? Hast Du Gott daf\u00fcr gedankt? Oder war das dann alles so selbstverst\u00e4ndlich? Schauen wir an jedem Abend auf den Tag zur\u00fcck und danken wir Gott f\u00fcr alles, was er an uns getan hat. Schenken wir ihm aber auch die negativen Situationen. Bitten wir ihn um Verzeihung f\u00fcr all die Situationen, in denen wir nicht in seinem Willen waren: wo wir vielleicht sogar andere Menschen verletzt haben \u2026<\/p>\n<p>Geben wir Jesus alles. Er freut sich, wenn wir ihm alles anvertrauen und im Vertrauen auf ihn unseren Weg gehen. Bringen wir all unser Misstrauen und alles was nicht gut war in die Beichte, damit wir wieder in der Freiheit der Kinder Gottes freudig vorangehen k\u00f6nnen.<\/p>\n<p>&nbsp;<\/p>\n","protected":false},"excerpt":{"rendered":"<p>Die Geburt Isaaks Der Herr nahm sich der Sara an, wie er verhei\u00dfen hatte; er tat an ihr, wie er gesprochen. Sara empfing und schenkte dem Abraham in seinem Greisenalter einen Sohn zur festgesetzten Zeit, von der Gott gesprochen hatte. &hellip; <a href=\"https:\/\/kleiner-ritter-der-unbefleckten.de\/?p=2211\">Weiterlesen <span class=\"meta-nav\">&rarr;<\/span><\/a><\/p>\n","protected":false},"author":3,"featured_media":0,"comment_status":"open","ping_status":"closed","sticky":false,"template":"","format":"standard","meta":{"footnotes":""},"categories":[1,5],"tags":[],"class_list":["post-2211","post","type-post","status-publish","format-standard","hentry","category-aktuell","category-altes-testament"],"_links":{"self":[{"href":"https:\/\/kleiner-ritter-der-unbefleckten.de\/index.php?rest_route=\/wp\/v2\/posts\/2211","targetHints":{"allow":["GET"]}}],"collection":[{"href":"https:\/\/kleiner-ritter-der-unbefleckten.de\/index.php?rest_route=\/wp\/v2\/posts"}],"about":[{"href":"https:\/\/kleiner-ritter-der-unbefleckten.de\/index.php?rest_route=\/wp\/v2\/types\/post"}],"author":[{"embeddable":true,"href":"https:\/\/kleiner-ritter-der-unbefleckten.de\/index.php?rest_route=\/wp\/v2\/users\/3"}],"replies":[{"embeddable":true,"href":"https:\/\/kleiner-ritter-der-unbefleckten.de\/index.php?rest_route=%2Fwp%2Fv2%2Fcomments&post=2211"}],"version-history":[{"count":2,"href":"https:\/\/kleiner-ritter-der-unbefleckten.de\/index.php?rest_route=\/wp\/v2\/posts\/2211\/revisions"}],"predecessor-version":[{"id":2410,"href":"https:\/\/kleiner-ritter-der-unbefleckten.de\/index.php?rest_route=\/wp\/v2\/posts\/2211\/revisions\/2410"}],"wp:attachment":[{"href":"https:\/\/kleiner-ritter-der-unbefleckten.de\/index.php?rest_route=%2Fwp%2Fv2%2Fmedia&parent=2211"}],"wp:term":[{"taxonomy":"category","embeddable":true,"href":"https:\/\/kleiner-ritter-der-unbefleckten.de\/index.php?rest_route=%2Fwp%2Fv2%2Fcategories&post=2211"},{"taxonomy":"post_tag","embeddable":true,"href":"https:\/\/kleiner-ritter-der-unbefleckten.de\/index.php?rest_route=%2Fwp%2Fv2%2Ftags&post=2211"}],"curies":[{"name":"wp","href":"https:\/\/api.w.org\/{rel}","templated":true}]}}