{"id":2304,"date":"2021-12-10T00:01:00","date_gmt":"2021-12-10T00:01:00","guid":{"rendered":"http:\/\/kleiner-ritter-der-unbefleckten.de\/?p=2304"},"modified":"2024-08-12T14:00:21","modified_gmt":"2024-08-12T12:00:21","slug":"10-dezember-2","status":"publish","type":"post","link":"https:\/\/kleiner-ritter-der-unbefleckten.de\/?p=2304","title":{"rendered":"10. Dezember"},"content":{"rendered":"<p><a href=\"https:\/\/kleiner-ritter-der-unbefleckten.de\/wp-content\/uploads\/2018\/10\/Elisabeth-von-Thueringen-2.jpg\"><img loading=\"lazy\" decoding=\"async\" class=\"alignnone  wp-image-2305\" src=\"https:\/\/kleiner-ritter-der-unbefleckten.de\/wp-content\/uploads\/2018\/10\/Elisabeth-von-Thueringen-2.jpg\" alt=\"\" width=\"102\" height=\"37\"><\/a> Um welche Heilige handelt es sich hier?<\/p>\n<p><a href=\"https:\/\/kleiner-ritter-der-unbefleckten.de\/wp-content\/uploads\/2013\/11\/Backen01.jpg\"><img loading=\"lazy\" decoding=\"async\" class=\"wp-image-322 aligncenter\" src=\"https:\/\/kleiner-ritter-der-unbefleckten.de\/wp-content\/uploads\/2013\/11\/Backen01-1024x768.jpg\" alt=\"\" width=\"424\" height=\"318\" srcset=\"https:\/\/kleiner-ritter-der-unbefleckten.de\/wp-content\/uploads\/2013\/11\/Backen01-1024x768.jpg 1024w, https:\/\/kleiner-ritter-der-unbefleckten.de\/wp-content\/uploads\/2013\/11\/Backen01-300x225.jpg 300w\" sizes=\"auto, (max-width: 424px) 100vw, 424px\" \/><\/a><br \/>\n<!--more--><strong>L\u00f6sung des R\u00e4tsels oben: Es ist die heilige Elisabeth von Th\u00fcringen<\/strong>.<\/p>\n<p><a href=\"https:\/\/kleiner-ritter-der-unbefleckten.de\/wp-content\/uploads\/2018\/10\/Elisabeth-von-Thueringen.jpg\"><img loading=\"lazy\" decoding=\"async\" class=\"size-full wp-image-2306 alignleft\" src=\"https:\/\/kleiner-ritter-der-unbefleckten.de\/wp-content\/uploads\/2018\/10\/Elisabeth-von-Thueringen.jpg\" alt=\"\" width=\"234\" height=\"400\" srcset=\"https:\/\/kleiner-ritter-der-unbefleckten.de\/wp-content\/uploads\/2018\/10\/Elisabeth-von-Thueringen.jpg 234w, https:\/\/kleiner-ritter-der-unbefleckten.de\/wp-content\/uploads\/2018\/10\/Elisabeth-von-Thueringen-176x300.jpg 176w\" sizes=\"auto, (max-width: 234px) 100vw, 234px\" \/><\/a><br \/>\nElisabeth von Th\u00fcringen lebte die ersten vier Jahre ihres Lebens mit ihren Eltern K\u00f6nig Andreas II. und Gertrud von Adechs auf der Burg Rakoczi in Ungarn. 1211 im Alter von vier Jahren verlie\u00df sie die Burg und wurde nach Th\u00fcringen gebracht f\u00fcr ihr weiteres Leben, da sie den \u00e4ltesten Sohn vom Landgrafen Hermann von Th\u00fcringen mit Namen Ludwig einmal heiraten sollte. Elisabeth ging viel in die Kirche und zog dies dem Spiel mit anderen Kindern vor. Mit 13 Jahren hatte sie dann den Ludwig geheiratet. Elisabeth half gerne den Menschen, die in Not waren. Sie lie\u00df ihnen unter anderem Nahrungsmittel zukommen.<\/p>\n<p>____________________________________________________<br \/>\nDenken auch wir an die Armen und Ausgesto\u00dfenen. Manchmal reicht schon ein freundlicher Blick, um einen anderen Menschen wieder gl\u00fccklich zu machen.<\/p>\n","protected":false},"excerpt":{"rendered":"<p>Um welche Heilige handelt es sich hier?<\/p>\n","protected":false},"author":3,"featured_media":0,"comment_status":"open","ping_status":"closed","sticky":false,"template":"","format":"standard","meta":{"footnotes":""},"categories":[8,1],"tags":[],"class_list":["post-2304","post","type-post","status-publish","format-standard","hentry","category-advent","category-aktuell"],"_links":{"self":[{"href":"https:\/\/kleiner-ritter-der-unbefleckten.de\/index.php?rest_route=\/wp\/v2\/posts\/2304","targetHints":{"allow":["GET"]}}],"collection":[{"href":"https:\/\/kleiner-ritter-der-unbefleckten.de\/index.php?rest_route=\/wp\/v2\/posts"}],"about":[{"href":"https:\/\/kleiner-ritter-der-unbefleckten.de\/index.php?rest_route=\/wp\/v2\/types\/post"}],"author":[{"embeddable":true,"href":"https:\/\/kleiner-ritter-der-unbefleckten.de\/index.php?rest_route=\/wp\/v2\/users\/3"}],"replies":[{"embeddable":true,"href":"https:\/\/kleiner-ritter-der-unbefleckten.de\/index.php?rest_route=%2Fwp%2Fv2%2Fcomments&post=2304"}],"version-history":[{"count":2,"href":"https:\/\/kleiner-ritter-der-unbefleckten.de\/index.php?rest_route=\/wp\/v2\/posts\/2304\/revisions"}],"predecessor-version":[{"id":2636,"href":"https:\/\/kleiner-ritter-der-unbefleckten.de\/index.php?rest_route=\/wp\/v2\/posts\/2304\/revisions\/2636"}],"wp:attachment":[{"href":"https:\/\/kleiner-ritter-der-unbefleckten.de\/index.php?rest_route=%2Fwp%2Fv2%2Fmedia&parent=2304"}],"wp:term":[{"taxonomy":"category","embeddable":true,"href":"https:\/\/kleiner-ritter-der-unbefleckten.de\/index.php?rest_route=%2Fwp%2Fv2%2Fcategories&post=2304"},{"taxonomy":"post_tag","embeddable":true,"href":"https:\/\/kleiner-ritter-der-unbefleckten.de\/index.php?rest_route=%2Fwp%2Fv2%2Ftags&post=2304"}],"curies":[{"name":"wp","href":"https:\/\/api.w.org\/{rel}","templated":true}]}}