{"id":2756,"date":"2026-04-15T00:01:00","date_gmt":"2026-04-14T22:01:00","guid":{"rendered":"http:\/\/kleiner-ritter-der-unbefleckten.de\/?p=2756"},"modified":"2026-03-24T08:11:17","modified_gmt":"2026-03-24T07:11:17","slug":"der-mut-der-apostel-2","status":"publish","type":"post","link":"https:\/\/kleiner-ritter-der-unbefleckten.de\/?p=2756","title":{"rendered":"Der Mut der Apostel"},"content":{"rendered":"\n<div class=\"wp-block-media-text alignwide is-stacked-on-mobile\"><figure class=\"wp-block-media-text__media\"><img loading=\"lazy\" decoding=\"async\" width=\"705\" height=\"741\" src=\"https:\/\/kleiner-ritter-der-unbefleckten.de\/wp-content\/uploads\/2015\/06\/Hand-Jesaja.jpg\" alt=\"\" class=\"wp-image-1410 size-full\" srcset=\"https:\/\/kleiner-ritter-der-unbefleckten.de\/wp-content\/uploads\/2015\/06\/Hand-Jesaja.jpg 705w, https:\/\/kleiner-ritter-der-unbefleckten.de\/wp-content\/uploads\/2015\/06\/Hand-Jesaja-285x300.jpg 285w\" sizes=\"auto, (max-width: 705px) 100vw, 705px\" \/><\/figure><div class=\"wp-block-media-text__content\">\n<p>Morgen h\u00f6ren wir folgende Lesung aus der <a href=\"http:\/\/title=Kategorie:Vulgata:NT:Apg05\">Apostelgeschichte 5,17-26<\/a>:<\/p>\n\n\n\n<p class=\"has-text-align-center\">&#8222;In jenen Tagen erhoben sich der Hohepriester und alle seine Anh\u00e4nger &#8211; n\u00e4mlich die Partei der Sadduz\u00e4er -, und von Eifersucht erf\u00fcllt, legten sie Hand an die Apostel und setzten sie in das \u00f6ffentliche Gef\u00e4ngnis. Ein Engel des Herrn aber \u00f6ffnete in der Nacht die T\u00fcren des Gef\u00e4ngnisses, f\u00fchrte sie hinaus und sprach: \u201eGeht hin, tretet auf und k\u00fcndet im Tempel dem Volk alle Worte dieses Lebens!\u201c Als sie das h\u00f6rten, gingen sie bei Tagesanbruch in den Tempel und lehrten. <\/p>\n<\/div><\/div>\n\n\n\n<p class=\"has-text-align-center\">Der Hohepriester aber und seine Anh\u00e4nger fanden sich ein, beriefen den Hohen Rat und die gesamte \u00c4ltestenschaft der S\u00f6hne Israels und schickten zum Gef\u00e4ngnis, um sie vorf\u00fchren zu lassen. Als jedoch die Diener hinkamen und sie nicht im Gef\u00e4ngnis vorfanden, kehrte sie zur\u00fcck und meldeten: \u201eDas Gef\u00e4ngnis fanden wir zwar mit aller Sorgfalt verschlossen und die Wachen vor den T\u00fcren stehen, als wir aber \u00f6ffneten, fanden wir niemand darin.\u201c Als sie diese Worte h\u00f6rten, gerieten der Hauptmann des Tempels und die Hohenpriester ihretwegen in gro\u00dfe Verlegenheit und fragten sich, was das werden solle. Da kam einer herbei und meldete ihnen: \u201eSeht, die M\u00e4nner, die ihr ins Gef\u00e4ngnis gesetzt habt, sind im Tempel und lehren das Volk.\u201c Darauf ging der Tempelhauptmann mit seinen Leuten hin und f\u00fchrte sie her, jedoch ohne Gewalt; denn sie f\u00fcrchteten, vom Volk gesteinigt zu werden.&#8220;<\/p>\n\n\n\n<div class=\"wp-block-media-text alignwide has-media-on-the-right is-stacked-on-mobile\"><div class=\"wp-block-media-text__content\">\n<p class=\"has-text-align-center\">Was f\u00fcr eine Macht hat doch unser Glaube. Stellt euch einmal vor, da werden die Apostel im Gef\u00e4ngnis bewacht. Ja, sie waren wirklich eingesperrt. Und als man sie holen wollte, waren sie nicht da. Die T\u00fcr war zu, die Wachen waren vor der T\u00fcr. Die haben nichts gemerkt. Ein Engel hat die Apostel aus dem Gef\u00e4ngnis gef\u00fchrt. Und was haben die Apostel gemacht?<\/p>\n<\/div><figure class=\"wp-block-media-text__media\"><img loading=\"lazy\" decoding=\"async\" width=\"540\" height=\"577\" src=\"https:\/\/kleiner-ritter-der-unbefleckten.de\/wp-content\/uploads\/2017\/03\/Geschichte-Inka-4.jpg\" alt=\"\" class=\"wp-image-2020 size-full\" srcset=\"https:\/\/kleiner-ritter-der-unbefleckten.de\/wp-content\/uploads\/2017\/03\/Geschichte-Inka-4.jpg 540w, https:\/\/kleiner-ritter-der-unbefleckten.de\/wp-content\/uploads\/2017\/03\/Geschichte-Inka-4-281x300.jpg 281w\" sizes=\"auto, (max-width: 540px) 100vw, 540px\" \/><\/figure><\/div>\n\n\n\n<div class=\"wp-block-media-text alignwide is-stacked-on-mobile\"><figure class=\"wp-block-media-text__media\"><img loading=\"lazy\" decoding=\"async\" width=\"759\" height=\"1024\" src=\"https:\/\/kleiner-ritter-der-unbefleckten.de\/wp-content\/uploads\/2013\/11\/Liebe-759x1024.jpg\" alt=\"\" class=\"wp-image-292 size-full\" srcset=\"https:\/\/kleiner-ritter-der-unbefleckten.de\/wp-content\/uploads\/2013\/11\/Liebe-759x1024.jpg 759w, https:\/\/kleiner-ritter-der-unbefleckten.de\/wp-content\/uploads\/2013\/11\/Liebe-222x300.jpg 222w, https:\/\/kleiner-ritter-der-unbefleckten.de\/wp-content\/uploads\/2013\/11\/Liebe.jpg 1313w\" sizes=\"auto, (max-width: 759px) 100vw, 759px\" \/><\/figure><div class=\"wp-block-media-text__content\">\n<p class=\"has-text-align-center\">Haben sie sich aus Angst jetzt versteckt?<br>Nein.<br>Sie sind direkt zum Tempel gegangen und haben Zeugnis abgelegt.<br>Was f\u00fcr ein Mut!<br>Wie ist das bei uns in kleinen Situationen? Stell Dir vor, da spricht jemand gegen Jesus oder den Glauben. Was machst Du? Schweigst Du? Versteckst Du Dich? Oder stehst Du zu dem, was Du glaubst?<\/p>\n<\/div><\/div>\n","protected":false},"excerpt":{"rendered":"<p>Morgen h\u00f6ren wir folgende Lesung aus der Apostelgeschichte 5,17-26: &#8222;In jenen Tagen erhoben sich der Hohepriester und alle seine Anh\u00e4nger &#8211; n\u00e4mlich die Partei der Sadduz\u00e4er -, und von Eifersucht erf\u00fcllt, legten sie Hand an die Apostel und setzten sie &hellip; <a href=\"https:\/\/kleiner-ritter-der-unbefleckten.de\/?p=2756\">Weiterlesen <span class=\"meta-nav\">&rarr;<\/span><\/a><\/p>\n","protected":false},"author":3,"featured_media":0,"comment_status":"open","ping_status":"closed","sticky":false,"template":"","format":"standard","meta":{"footnotes":""},"categories":[1,11],"tags":[],"class_list":["post-2756","post","type-post","status-publish","format-standard","hentry","category-aktuell","category-neues-testament"],"_links":{"self":[{"href":"https:\/\/kleiner-ritter-der-unbefleckten.de\/index.php?rest_route=\/wp\/v2\/posts\/2756","targetHints":{"allow":["GET"]}}],"collection":[{"href":"https:\/\/kleiner-ritter-der-unbefleckten.de\/index.php?rest_route=\/wp\/v2\/posts"}],"about":[{"href":"https:\/\/kleiner-ritter-der-unbefleckten.de\/index.php?rest_route=\/wp\/v2\/types\/post"}],"author":[{"embeddable":true,"href":"https:\/\/kleiner-ritter-der-unbefleckten.de\/index.php?rest_route=\/wp\/v2\/users\/3"}],"replies":[{"embeddable":true,"href":"https:\/\/kleiner-ritter-der-unbefleckten.de\/index.php?rest_route=%2Fwp%2Fv2%2Fcomments&post=2756"}],"version-history":[{"count":4,"href":"https:\/\/kleiner-ritter-der-unbefleckten.de\/index.php?rest_route=\/wp\/v2\/posts\/2756\/revisions"}],"predecessor-version":[{"id":3714,"href":"https:\/\/kleiner-ritter-der-unbefleckten.de\/index.php?rest_route=\/wp\/v2\/posts\/2756\/revisions\/3714"}],"wp:attachment":[{"href":"https:\/\/kleiner-ritter-der-unbefleckten.de\/index.php?rest_route=%2Fwp%2Fv2%2Fmedia&parent=2756"}],"wp:term":[{"taxonomy":"category","embeddable":true,"href":"https:\/\/kleiner-ritter-der-unbefleckten.de\/index.php?rest_route=%2Fwp%2Fv2%2Fcategories&post=2756"},{"taxonomy":"post_tag","embeddable":true,"href":"https:\/\/kleiner-ritter-der-unbefleckten.de\/index.php?rest_route=%2Fwp%2Fv2%2Ftags&post=2756"}],"curies":[{"name":"wp","href":"https:\/\/api.w.org\/{rel}","templated":true}]}}