{"id":2759,"date":"2025-11-07T00:00:00","date_gmt":"2025-11-06T23:00:00","guid":{"rendered":"http:\/\/kleiner-ritter-der-unbefleckten.de\/?p=2759"},"modified":"2025-07-25T15:59:31","modified_gmt":"2025-07-25T13:59:31","slug":"jesus-erscheint-den-aposteln","status":"publish","type":"post","link":"https:\/\/kleiner-ritter-der-unbefleckten.de\/?p=2759","title":{"rendered":"Jesus erscheint den Aposteln"},"content":{"rendered":"\n<p class=\"has-text-align-center\"> Heute feiern wir den Gedenktag des heiligen Willibrord. Dazu h\u00f6ren wir folgendes Evangelium: <\/p>\n\n\n\n<div class=\"wp-block-media-text alignwide is-stacked-on-mobile\"><figure class=\"wp-block-media-text__media\"><img loading=\"lazy\" decoding=\"async\" width=\"461\" height=\"615\" src=\"https:\/\/kleiner-ritter-der-unbefleckten.de\/wp-content\/uploads\/2015\/10\/Kinder-Text.jpg\" alt=\"\" class=\"wp-image-1598 size-full\" srcset=\"https:\/\/kleiner-ritter-der-unbefleckten.de\/wp-content\/uploads\/2015\/10\/Kinder-Text.jpg 461w, https:\/\/kleiner-ritter-der-unbefleckten.de\/wp-content\/uploads\/2015\/10\/Kinder-Text-225x300.jpg 225w\" sizes=\"auto, (max-width: 461px) 100vw, 461px\" \/><\/figure><div class=\"wp-block-media-text__content\">\n<p class=\"has-text-align-center\"><em>In jener Zeit erschien Jesus den Elf und sprach zu ihnen: \u201eGeht hin in alle Welt und verk\u00fcndet das Evangelium aller Kreatur! Wer glaubt und sich taufen l\u00e4sst, wird gerettet, wer aber nicht glaubt, wird verdammt werden. Als Zeichen aber werden denen, die glauben, diese zur Seite sein: In meinen Namen werden sie D\u00e4monen austreiben, mit neuen Zungen reden, Schlangen aufheben, und wenn sie etwas T\u00f6dliches trinken, wird es ihnen nicht schaden. Kranken werden sie die H\u00e4nde auflegen, und diese werden gesund werden.\u201c<\/em><\/p>\n<\/div><\/div>\n\n\n\n<p class=\"has-text-align-center\">Nachdem der Herr Jesus zu ihnen geredet hatte, wurde er hinaufgenommen in den Himmel und setzte sich zur Rechten Gottes. Jene aber gingen hin, predigten \u00fcberall, und der Herr wirkte mit ihnen und bekr\u00e4ftigte das Wort durch die Zeichen, die dabei geschahen.<br>(<a href=\"https:\/\/kleiner-ritter-der-unbefleckten.de\/?page_id=1249\">Markus 16,15-20<\/a>) <\/p>\n\n\n\n<div class=\"wp-block-media-text alignwide has-media-on-the-right is-stacked-on-mobile\"><div class=\"wp-block-media-text__content\">\n<p class=\"has-text-align-center\">Hier sieht man wieder die Gr\u00f6\u00dfe Gottes in unserem Leben. Welch ein Geschenk ist doch das Leben mit Jesus. Doch was m\u00fcssen wir daf\u00fcr tun?<br>Ganz einfach:<br>Alle unsere Sorgen d\u00fcrfen wir auf den Herrn werfen.<br> Wir d\u00fcrfen das Sakrament der heiligen Taufe empfangen.<br> Wir d\u00fcrfen darauf vertrauen, dass Jesus alles in seiner Hand hat.<br> Wir d\u00fcrfen die Sakramente empfangen.<br> Jesus hat uns seinen Nachfolger geschenkt, den Papst. <br> Auf ihn sollen wir h\u00f6ren.<\/p>\n<\/div><figure class=\"wp-block-media-text__media\"><img loading=\"lazy\" decoding=\"async\" width=\"817\" height=\"1024\" src=\"https:\/\/kleiner-ritter-der-unbefleckten.de\/wp-content\/uploads\/2016\/03\/bleib-sein-Kind-817x1024.jpg\" alt=\"\" class=\"wp-image-1724 size-full\" srcset=\"https:\/\/kleiner-ritter-der-unbefleckten.de\/wp-content\/uploads\/2016\/03\/bleib-sein-Kind-817x1024.jpg 817w, https:\/\/kleiner-ritter-der-unbefleckten.de\/wp-content\/uploads\/2016\/03\/bleib-sein-Kind-239x300.jpg 239w, https:\/\/kleiner-ritter-der-unbefleckten.de\/wp-content\/uploads\/2016\/03\/bleib-sein-Kind.jpg 1986w\" sizes=\"auto, (max-width: 817px) 100vw, 817px\" \/><\/figure><\/div>\n","protected":false},"excerpt":{"rendered":"<p>Heute feiern wir den Gedenktag des heiligen Willibrord. Dazu h\u00f6ren wir folgendes Evangelium: In jener Zeit erschien Jesus den Elf und sprach zu ihnen: \u201eGeht hin in alle Welt und verk\u00fcndet das Evangelium aller Kreatur! Wer glaubt und sich taufen &hellip; <a href=\"https:\/\/kleiner-ritter-der-unbefleckten.de\/?p=2759\">Weiterlesen <span class=\"meta-nav\">&rarr;<\/span><\/a><\/p>\n","protected":false},"author":3,"featured_media":0,"comment_status":"open","ping_status":"closed","sticky":false,"template":"","format":"standard","meta":{"footnotes":""},"categories":[1,11],"tags":[],"class_list":["post-2759","post","type-post","status-publish","format-standard","hentry","category-aktuell","category-neues-testament"],"_links":{"self":[{"href":"https:\/\/kleiner-ritter-der-unbefleckten.de\/index.php?rest_route=\/wp\/v2\/posts\/2759","targetHints":{"allow":["GET"]}}],"collection":[{"href":"https:\/\/kleiner-ritter-der-unbefleckten.de\/index.php?rest_route=\/wp\/v2\/posts"}],"about":[{"href":"https:\/\/kleiner-ritter-der-unbefleckten.de\/index.php?rest_route=\/wp\/v2\/types\/post"}],"author":[{"embeddable":true,"href":"https:\/\/kleiner-ritter-der-unbefleckten.de\/index.php?rest_route=\/wp\/v2\/users\/3"}],"replies":[{"embeddable":true,"href":"https:\/\/kleiner-ritter-der-unbefleckten.de\/index.php?rest_route=%2Fwp%2Fv2%2Fcomments&post=2759"}],"version-history":[{"count":4,"href":"https:\/\/kleiner-ritter-der-unbefleckten.de\/index.php?rest_route=\/wp\/v2\/posts\/2759\/revisions"}],"predecessor-version":[{"id":3458,"href":"https:\/\/kleiner-ritter-der-unbefleckten.de\/index.php?rest_route=\/wp\/v2\/posts\/2759\/revisions\/3458"}],"wp:attachment":[{"href":"https:\/\/kleiner-ritter-der-unbefleckten.de\/index.php?rest_route=%2Fwp%2Fv2%2Fmedia&parent=2759"}],"wp:term":[{"taxonomy":"category","embeddable":true,"href":"https:\/\/kleiner-ritter-der-unbefleckten.de\/index.php?rest_route=%2Fwp%2Fv2%2Fcategories&post=2759"},{"taxonomy":"post_tag","embeddable":true,"href":"https:\/\/kleiner-ritter-der-unbefleckten.de\/index.php?rest_route=%2Fwp%2Fv2%2Ftags&post=2759"}],"curies":[{"name":"wp","href":"https:\/\/api.w.org\/{rel}","templated":true}]}}