{"id":3144,"date":"2021-12-17T13:52:20","date_gmt":"2021-12-17T13:52:20","guid":{"rendered":"http:\/\/kleiner-ritter-der-unbefleckten.de\/?p=3144"},"modified":"2021-12-17T13:53:23","modified_gmt":"2021-12-17T13:53:23","slug":"eine-schule-in-nigeria","status":"publish","type":"post","link":"https:\/\/kleiner-ritter-der-unbefleckten.de\/?p=3144","title":{"rendered":"Eine Schule in Nigeria"},"content":{"rendered":"\n<div class=\"wp-block-image is-style-rounded\"><figure class=\"aligncenter size-full is-resized\"><a href=\"https:\/\/kleiner-ritter-der-unbefleckten.de\/wp-content\/uploads\/2021\/12\/Nigeria-5.jpeg\"><img loading=\"lazy\" decoding=\"async\" src=\"https:\/\/kleiner-ritter-der-unbefleckten.de\/wp-content\/uploads\/2021\/12\/Nigeria-5.jpeg\" alt=\"\" class=\"wp-image-3145\" width=\"636\" height=\"477\" srcset=\"https:\/\/kleiner-ritter-der-unbefleckten.de\/wp-content\/uploads\/2021\/12\/Nigeria-5.jpeg 1000w, https:\/\/kleiner-ritter-der-unbefleckten.de\/wp-content\/uploads\/2021\/12\/Nigeria-5-300x225.jpeg 300w, https:\/\/kleiner-ritter-der-unbefleckten.de\/wp-content\/uploads\/2021\/12\/Nigeria-5-768x576.jpeg 768w\" sizes=\"auto, (max-width: 636px) 100vw, 636px\" \/><\/a><\/figure><\/div>\n\n\n\n<p class=\"has-text-align-center has-medium-font-size\">Ich habe dieses Bild bewusst so gro\u00df auf diese Seite gesetzt. Was f\u00e4llt Dir beim Betrachten des Bildes auf?<\/p>\n\n\n\n<p class=\"has-text-align-center has-medium-font-size\">Ich war sehr beeindruckt von dem Bild. So ein Schulgeb\u00e4ude w\u00e4re bei uns \u00fcberhaupt nicht denkbar. Schaut euch einmal die W\u00e4nde an. Doch die Kinder sind so dankbar, dass sie eine Schule besuchen d\u00fcrfen. F\u00fcr die Kinder bedeutet das eine Lebensperspektive. <\/p>\n\n\n\n<p class=\"has-text-align-center has-medium-font-size\">Und jetzt schaut euch einmal die Gesichter der Kinder an. Ja sie schauen zufrieden aus. <br>Wie ist das bei uns?<\/p>\n\n\n\n<p class=\"has-text-align-center has-medium-font-size\">Diese Schule wird durch den Verein <a href=\"https:\/\/asn.help\/\">ASN.help<\/a> unterst\u00fctzt. Wir sind dankbar \u00fcber jeden, der uns hilft, den Kindern dort zu helfen.<br><\/p>\n","protected":false},"excerpt":{"rendered":"<p>Ich habe dieses Bild bewusst so gro\u00df auf diese Seite gesetzt. Was f\u00e4llt Dir beim Betrachten des Bildes auf? Ich war sehr beeindruckt von dem Bild. So ein Schulgeb\u00e4ude w\u00e4re bei uns \u00fcberhaupt nicht denkbar. Schaut euch einmal die W\u00e4nde &hellip; <a href=\"https:\/\/kleiner-ritter-der-unbefleckten.de\/?p=3144\">Weiterlesen <span class=\"meta-nav\">&rarr;<\/span><\/a><\/p>\n","protected":false},"author":3,"featured_media":0,"comment_status":"open","ping_status":"closed","sticky":false,"template":"","format":"standard","meta":{"footnotes":""},"categories":[1],"tags":[],"class_list":["post-3144","post","type-post","status-publish","format-standard","hentry","category-aktuell"],"_links":{"self":[{"href":"https:\/\/kleiner-ritter-der-unbefleckten.de\/index.php?rest_route=\/wp\/v2\/posts\/3144","targetHints":{"allow":["GET"]}}],"collection":[{"href":"https:\/\/kleiner-ritter-der-unbefleckten.de\/index.php?rest_route=\/wp\/v2\/posts"}],"about":[{"href":"https:\/\/kleiner-ritter-der-unbefleckten.de\/index.php?rest_route=\/wp\/v2\/types\/post"}],"author":[{"embeddable":true,"href":"https:\/\/kleiner-ritter-der-unbefleckten.de\/index.php?rest_route=\/wp\/v2\/users\/3"}],"replies":[{"embeddable":true,"href":"https:\/\/kleiner-ritter-der-unbefleckten.de\/index.php?rest_route=%2Fwp%2Fv2%2Fcomments&post=3144"}],"version-history":[{"count":2,"href":"https:\/\/kleiner-ritter-der-unbefleckten.de\/index.php?rest_route=\/wp\/v2\/posts\/3144\/revisions"}],"predecessor-version":[{"id":3147,"href":"https:\/\/kleiner-ritter-der-unbefleckten.de\/index.php?rest_route=\/wp\/v2\/posts\/3144\/revisions\/3147"}],"wp:attachment":[{"href":"https:\/\/kleiner-ritter-der-unbefleckten.de\/index.php?rest_route=%2Fwp%2Fv2%2Fmedia&parent=3144"}],"wp:term":[{"taxonomy":"category","embeddable":true,"href":"https:\/\/kleiner-ritter-der-unbefleckten.de\/index.php?rest_route=%2Fwp%2Fv2%2Fcategories&post=3144"},{"taxonomy":"post_tag","embeddable":true,"href":"https:\/\/kleiner-ritter-der-unbefleckten.de\/index.php?rest_route=%2Fwp%2Fv2%2Ftags&post=3144"}],"curies":[{"name":"wp","href":"https:\/\/api.w.org\/{rel}","templated":true}]}}