{"id":3184,"date":"2026-01-20T00:20:00","date_gmt":"2026-01-19T23:20:00","guid":{"rendered":"https:\/\/kleiner-ritter-der-unbefleckten.de\/?p=3184"},"modified":"2026-01-13T07:52:01","modified_gmt":"2026-01-13T06:52:01","slug":"mein-schneckenhaus","status":"publish","type":"post","link":"https:\/\/kleiner-ritter-der-unbefleckten.de\/?p=3184","title":{"rendered":"Mein Schneckenhaus"},"content":{"rendered":"\n<div class=\"wp-block-media-text alignwide is-stacked-on-mobile\"><figure class=\"wp-block-media-text__media\"><img loading=\"lazy\" decoding=\"async\" width=\"1024\" height=\"900\" src=\"https:\/\/kleiner-ritter-der-unbefleckten.de\/wp-content\/uploads\/2022\/02\/20220221_0826411-1024x900.jpg\" alt=\"\" class=\"wp-image-3179 size-full\" srcset=\"https:\/\/kleiner-ritter-der-unbefleckten.de\/wp-content\/uploads\/2022\/02\/20220221_0826411-1024x900.jpg 1024w, https:\/\/kleiner-ritter-der-unbefleckten.de\/wp-content\/uploads\/2022\/02\/20220221_0826411-300x264.jpg 300w, https:\/\/kleiner-ritter-der-unbefleckten.de\/wp-content\/uploads\/2022\/02\/20220221_0826411-768x675.jpg 768w, https:\/\/kleiner-ritter-der-unbefleckten.de\/wp-content\/uploads\/2022\/02\/20220221_0826411-1536x1350.jpg 1536w, https:\/\/kleiner-ritter-der-unbefleckten.de\/wp-content\/uploads\/2022\/02\/20220221_0826411.jpg 1923w\" sizes=\"auto, (max-width: 1024px) 100vw, 1024px\" \/><\/figure><div class=\"wp-block-media-text__content\">\n<p class=\"has-text-align-center has-medium-font-size\">Schau Dir einmal dieses Bild genau an. Auf dem Bild siehst Du zwar nur meine Handpuppe mit Namen &#8222;Finchen&#8220;. Aber jetzt einmal ganz ehrlich, in dem Bild k\u00f6nntest Du auch Dich erkennen. Kennst Du die Situation:<br>Du bist beleidigt und f\u00fchlst Dich falsch behandelt. Und schwupps ziehst Du Dich in Dein Schneckenhaus zur\u00fcck.<\/p>\n<\/div><\/div>\n\n\n\n<div class=\"wp-block-media-text alignwide has-media-on-the-right is-stacked-on-mobile\"><div class=\"wp-block-media-text__content\">\n<p class=\"has-text-align-center has-medium-font-size\">Eigentlich m\u00f6chtest Du keinen mehr sehen. Doch irgendwann steckst Du ganz vorsichtig Deine F\u00fchler aus. Du merkst: Die Luft da drau\u00dfen ist ja viel besser. Ich f\u00fchle mich schon etwas befreiter.<\/p>\n<\/div><figure class=\"wp-block-media-text__media\"><img loading=\"lazy\" decoding=\"async\" width=\"817\" height=\"1024\" src=\"https:\/\/kleiner-ritter-der-unbefleckten.de\/wp-content\/uploads\/2022\/02\/20220221_0826551-817x1024.jpg\" alt=\"\" class=\"wp-image-3180 size-full\" srcset=\"https:\/\/kleiner-ritter-der-unbefleckten.de\/wp-content\/uploads\/2022\/02\/20220221_0826551-817x1024.jpg 817w, https:\/\/kleiner-ritter-der-unbefleckten.de\/wp-content\/uploads\/2022\/02\/20220221_0826551-239x300.jpg 239w, https:\/\/kleiner-ritter-der-unbefleckten.de\/wp-content\/uploads\/2022\/02\/20220221_0826551-768x963.jpg 768w, https:\/\/kleiner-ritter-der-unbefleckten.de\/wp-content\/uploads\/2022\/02\/20220221_0826551-1225x1536.jpg 1225w, https:\/\/kleiner-ritter-der-unbefleckten.de\/wp-content\/uploads\/2022\/02\/20220221_0826551-1633x2048.jpg 1633w, https:\/\/kleiner-ritter-der-unbefleckten.de\/wp-content\/uploads\/2022\/02\/20220221_0826551.jpg 1960w\" sizes=\"auto, (max-width: 817px) 100vw, 817px\" \/><\/figure><\/div>\n\n\n\n<div class=\"wp-block-media-text alignwide is-stacked-on-mobile\"><figure class=\"wp-block-media-text__media\"><img loading=\"lazy\" decoding=\"async\" width=\"681\" height=\"1024\" src=\"https:\/\/kleiner-ritter-der-unbefleckten.de\/wp-content\/uploads\/2022\/02\/20220221_0827091-681x1024.jpg\" alt=\"\" class=\"wp-image-3181 size-full\" srcset=\"https:\/\/kleiner-ritter-der-unbefleckten.de\/wp-content\/uploads\/2022\/02\/20220221_0827091-681x1024.jpg 681w, https:\/\/kleiner-ritter-der-unbefleckten.de\/wp-content\/uploads\/2022\/02\/20220221_0827091-199x300.jpg 199w, https:\/\/kleiner-ritter-der-unbefleckten.de\/wp-content\/uploads\/2022\/02\/20220221_0827091-768x1155.jpg 768w, https:\/\/kleiner-ritter-der-unbefleckten.de\/wp-content\/uploads\/2022\/02\/20220221_0827091-1021x1536.jpg 1021w, https:\/\/kleiner-ritter-der-unbefleckten.de\/wp-content\/uploads\/2022\/02\/20220221_0827091-1362x2048.jpg 1362w, https:\/\/kleiner-ritter-der-unbefleckten.de\/wp-content\/uploads\/2022\/02\/20220221_0827091-scaled.jpg 1702w\" sizes=\"auto, (max-width: 681px) 100vw, 681px\" \/><\/figure><div class=\"wp-block-media-text__content\">\n<p class=\"has-medium-font-size\">Du schaust ganz vorsichtig um die Ecke und siehst, dass es drau\u00dfen auch viel heller ist. Also fasst Du Mut und &#8230;<\/p>\n<\/div><\/div>\n\n\n\n<div class=\"wp-block-media-text alignwide has-media-on-the-right is-stacked-on-mobile\"><div class=\"wp-block-media-text__content\">\n<p class=\"has-text-align-center has-medium-font-size\">kommst ganz heraus.  Erst noch ganz zaghaft. Doch nachdem Du \u00fcber Dein Problem nachgedacht hast, Dich sogar f\u00fcr Dein Verhalten entschuldigst hast und sp\u00fcrst, dass alles wieder gut ist, bist Du so erleichtert, dass Du die ganze Welt wieder umarmen k\u00f6nntest.<\/p>\n<\/div><figure class=\"wp-block-media-text__media\"><img loading=\"lazy\" decoding=\"async\" width=\"825\" height=\"1024\" src=\"https:\/\/kleiner-ritter-der-unbefleckten.de\/wp-content\/uploads\/2022\/02\/20220221_0827301-825x1024.jpg\" alt=\"\" class=\"wp-image-3182 size-full\" srcset=\"https:\/\/kleiner-ritter-der-unbefleckten.de\/wp-content\/uploads\/2022\/02\/20220221_0827301-825x1024.jpg 825w, https:\/\/kleiner-ritter-der-unbefleckten.de\/wp-content\/uploads\/2022\/02\/20220221_0827301-242x300.jpg 242w, https:\/\/kleiner-ritter-der-unbefleckten.de\/wp-content\/uploads\/2022\/02\/20220221_0827301-768x954.jpg 768w, https:\/\/kleiner-ritter-der-unbefleckten.de\/wp-content\/uploads\/2022\/02\/20220221_0827301-1237x1536.jpg 1237w, https:\/\/kleiner-ritter-der-unbefleckten.de\/wp-content\/uploads\/2022\/02\/20220221_0827301-1649x2048.jpg 1649w, https:\/\/kleiner-ritter-der-unbefleckten.de\/wp-content\/uploads\/2022\/02\/20220221_0827301.jpg 1960w\" sizes=\"auto, (max-width: 825px) 100vw, 825px\" \/><\/figure><\/div>\n\n\n\n<div class=\"wp-block-media-text alignwide is-stacked-on-mobile\"><figure class=\"wp-block-media-text__media\"><img loading=\"lazy\" decoding=\"async\" width=\"804\" height=\"1024\" src=\"https:\/\/kleiner-ritter-der-unbefleckten.de\/wp-content\/uploads\/2022\/02\/20220221_0827471-804x1024.jpg\" alt=\"\" class=\"wp-image-3183 size-full\" srcset=\"https:\/\/kleiner-ritter-der-unbefleckten.de\/wp-content\/uploads\/2022\/02\/20220221_0827471-804x1024.jpg 804w, https:\/\/kleiner-ritter-der-unbefleckten.de\/wp-content\/uploads\/2022\/02\/20220221_0827471-235x300.jpg 235w, https:\/\/kleiner-ritter-der-unbefleckten.de\/wp-content\/uploads\/2022\/02\/20220221_0827471-768x978.jpg 768w, https:\/\/kleiner-ritter-der-unbefleckten.de\/wp-content\/uploads\/2022\/02\/20220221_0827471-1206x1536.jpg 1206w, https:\/\/kleiner-ritter-der-unbefleckten.de\/wp-content\/uploads\/2022\/02\/20220221_0827471-1608x2048.jpg 1608w, https:\/\/kleiner-ritter-der-unbefleckten.de\/wp-content\/uploads\/2022\/02\/20220221_0827471.jpg 1960w\" sizes=\"auto, (max-width: 804px) 100vw, 804px\" \/><\/figure><div class=\"wp-block-media-text__content\">\n<p class=\"has-text-align-center has-medium-font-size\">Diesen Dank l\u00e4sst Du in Dein Gebet einflie\u00dfen. <br>Denn Du wei\u00dft, dass Gott Dir geholfen hat, \u00fcber Deinen Schatten zu springen.<\/p>\n<\/div><\/div>\n","protected":false},"excerpt":{"rendered":"<p>Schau Dir einmal dieses Bild genau an. Auf dem Bild siehst Du zwar nur meine Handpuppe mit Namen &#8222;Finchen&#8220;. Aber jetzt einmal ganz ehrlich, in dem Bild k\u00f6nntest Du auch Dich erkennen. Kennst Du die Situation:Du bist beleidigt und f\u00fchlst &hellip; <a href=\"https:\/\/kleiner-ritter-der-unbefleckten.de\/?p=3184\">Weiterlesen <span class=\"meta-nav\">&rarr;<\/span><\/a><\/p>\n","protected":false},"author":3,"featured_media":0,"comment_status":"open","ping_status":"closed","sticky":false,"template":"","format":"standard","meta":{"footnotes":""},"categories":[1,14],"tags":[],"class_list":["post-3184","post","type-post","status-publish","format-standard","hentry","category-aktuell","category-geschichte"],"_links":{"self":[{"href":"https:\/\/kleiner-ritter-der-unbefleckten.de\/index.php?rest_route=\/wp\/v2\/posts\/3184","targetHints":{"allow":["GET"]}}],"collection":[{"href":"https:\/\/kleiner-ritter-der-unbefleckten.de\/index.php?rest_route=\/wp\/v2\/posts"}],"about":[{"href":"https:\/\/kleiner-ritter-der-unbefleckten.de\/index.php?rest_route=\/wp\/v2\/types\/post"}],"author":[{"embeddable":true,"href":"https:\/\/kleiner-ritter-der-unbefleckten.de\/index.php?rest_route=\/wp\/v2\/users\/3"}],"replies":[{"embeddable":true,"href":"https:\/\/kleiner-ritter-der-unbefleckten.de\/index.php?rest_route=%2Fwp%2Fv2%2Fcomments&post=3184"}],"version-history":[{"count":2,"href":"https:\/\/kleiner-ritter-der-unbefleckten.de\/index.php?rest_route=\/wp\/v2\/posts\/3184\/revisions"}],"predecessor-version":[{"id":3313,"href":"https:\/\/kleiner-ritter-der-unbefleckten.de\/index.php?rest_route=\/wp\/v2\/posts\/3184\/revisions\/3313"}],"wp:attachment":[{"href":"https:\/\/kleiner-ritter-der-unbefleckten.de\/index.php?rest_route=%2Fwp%2Fv2%2Fmedia&parent=3184"}],"wp:term":[{"taxonomy":"category","embeddable":true,"href":"https:\/\/kleiner-ritter-der-unbefleckten.de\/index.php?rest_route=%2Fwp%2Fv2%2Fcategories&post=3184"},{"taxonomy":"post_tag","embeddable":true,"href":"https:\/\/kleiner-ritter-der-unbefleckten.de\/index.php?rest_route=%2Fwp%2Fv2%2Ftags&post=3184"}],"curies":[{"name":"wp","href":"https:\/\/api.w.org\/{rel}","templated":true}]}}