{"id":3304,"date":"2025-11-05T00:35:00","date_gmt":"2025-11-04T23:35:00","guid":{"rendered":"https:\/\/kleiner-ritter-der-unbefleckten.de\/?p=3304"},"modified":"2025-07-25T15:58:36","modified_gmt":"2025-07-25T13:58:36","slug":"die-armen-seelen-im-fegefeuer","status":"publish","type":"post","link":"https:\/\/kleiner-ritter-der-unbefleckten.de\/?p=3304","title":{"rendered":"Die Armen Seelen im Fegefeuer"},"content":{"rendered":"\n<p class=\"has-text-align-center has-medium-font-size\">Im Monat November beten wir besonders f\u00fcr die Armen Seelen im Fegefeuer. Doch wie kann dieses Gebet eigentlich aussehen?<\/p>\n\n\n<div class=\"wp-block-image\">\n<figure class=\"aligncenter size-full is-resized\"><a href=\"https:\/\/kleiner-ritter-der-unbefleckten.de\/wp-content\/uploads\/2022\/11\/Karin-Kreuz.jpg\"><img loading=\"lazy\" decoding=\"async\" src=\"https:\/\/kleiner-ritter-der-unbefleckten.de\/wp-content\/uploads\/2022\/11\/Karin-Kreuz.jpg\" alt=\"\" class=\"wp-image-3305\" width=\"376\" height=\"563\" srcset=\"https:\/\/kleiner-ritter-der-unbefleckten.de\/wp-content\/uploads\/2022\/11\/Karin-Kreuz.jpg 684w, https:\/\/kleiner-ritter-der-unbefleckten.de\/wp-content\/uploads\/2022\/11\/Karin-Kreuz-200x300.jpg 200w\" sizes=\"auto, (max-width: 376px) 100vw, 376px\" \/><\/a><figcaption class=\"wp-element-caption\">\u00a9KarinL2022<\/figcaption><\/figure>\n<\/div>\n\n\n<ul class=\"wp-block-list\">\n<li>Wir gehen zum Friedhof, stellen dort Kerzen auf und sprechen ein Gebet. Auch wenn wir dann wieder gehen, brennt diese Kerze weiter.<\/li>\n\n\n\n<li>Wir geben ihnen Weihwasser, indem wir etwas f\u00fcr sie sprengen und dabei z.B. ein Kreuzzeichen machen. Jeder Tropfen bringt ihnen Linderung.<\/li>\n\n\n\n<li>Wir feiern die heilige Messe f\u00fcr sie mit.<\/li>\n\n\n\n<li>Auch im Laufe des Tages k\u00f6nnen wir immer wieder Sto\u00dfgebete sprechen, z.B. <br>&#8211; Herr erbarme Dich der Armen Seelen.<br>&#8211; Herr gib ihnen die ewige Ruhe und das ewige Licht leuchte ihnen. Herr lass sie ruhen in<br>  Deinem Frieden. Amen.   <\/li>\n<\/ul>\n\n\n\n<ul class=\"wp-block-list\">\n<li>Wir k\u00f6nnen die Unannehmlichkeiten des Tages (wie Schmerzen) f\u00fcr sie aufopfern.<\/li>\n\n\n\n<li>Wir k\u00f6nnen auch einmal auf etwas verzichten (fasten), z.B. S\u00fc\u00dfigkeiten, Fernsehen, Handy \u2026<\/li>\n<\/ul>\n\n\n\n<p class=\"has-medium-font-size\">Die Armen Seelen sind f\u00fcr jedes Gebet sehr dankbar. Sie k\u00f6nnen n\u00e4mlich f\u00fcr sich selbst nichts mehr tun. Aber sie wissen, dass sie eines Tages, wenn sie von all den S\u00fcndenstrafen und den noch nicht bereuten S\u00fcnden gereinigt sind, in den Himmel kommen.<\/p>\n\n\n\n<p class=\"has-medium-font-size\">Auch wenn die Armen Seelen f\u00fcr sich selbst nichts mehr tun k\u00f6nnen, so bitten sie doch f\u00fcr uns und helfen somit uns.<\/p>\n\n\n\n<p class=\"has-medium-font-size\">(Dieser Text ist besonders f\u00fcr die j\u00fcngeren Kinder gedacht. F\u00fcr die \u00e4lteren empfehle ich das \u201eJugendgebetbuch\u201c von Pater Raphael Nie\u00dfner. Wer dazu n\u00e4here Informationen haben m\u00f6chte, kann mich gerne anschreiben.)<\/p>\n","protected":false},"excerpt":{"rendered":"<p>Im Monat November beten wir besonders f\u00fcr die Armen Seelen im Fegefeuer. Doch wie kann dieses Gebet eigentlich aussehen? Die Armen Seelen sind f\u00fcr jedes Gebet sehr dankbar. Sie k\u00f6nnen n\u00e4mlich f\u00fcr sich selbst nichts mehr tun. Aber sie wissen, &hellip; <a href=\"https:\/\/kleiner-ritter-der-unbefleckten.de\/?p=3304\">Weiterlesen <span class=\"meta-nav\">&rarr;<\/span><\/a><\/p>\n","protected":false},"author":3,"featured_media":3305,"comment_status":"open","ping_status":"closed","sticky":false,"template":"","format":"standard","meta":{"footnotes":""},"categories":[1],"tags":[],"class_list":["post-3304","post","type-post","status-publish","format-standard","has-post-thumbnail","hentry","category-aktuell"],"_links":{"self":[{"href":"https:\/\/kleiner-ritter-der-unbefleckten.de\/index.php?rest_route=\/wp\/v2\/posts\/3304","targetHints":{"allow":["GET"]}}],"collection":[{"href":"https:\/\/kleiner-ritter-der-unbefleckten.de\/index.php?rest_route=\/wp\/v2\/posts"}],"about":[{"href":"https:\/\/kleiner-ritter-der-unbefleckten.de\/index.php?rest_route=\/wp\/v2\/types\/post"}],"author":[{"embeddable":true,"href":"https:\/\/kleiner-ritter-der-unbefleckten.de\/index.php?rest_route=\/wp\/v2\/users\/3"}],"replies":[{"embeddable":true,"href":"https:\/\/kleiner-ritter-der-unbefleckten.de\/index.php?rest_route=%2Fwp%2Fv2%2Fcomments&post=3304"}],"version-history":[{"count":2,"href":"https:\/\/kleiner-ritter-der-unbefleckten.de\/index.php?rest_route=\/wp\/v2\/posts\/3304\/revisions"}],"predecessor-version":[{"id":3307,"href":"https:\/\/kleiner-ritter-der-unbefleckten.de\/index.php?rest_route=\/wp\/v2\/posts\/3304\/revisions\/3307"}],"wp:featuredmedia":[{"embeddable":true,"href":"https:\/\/kleiner-ritter-der-unbefleckten.de\/index.php?rest_route=\/wp\/v2\/media\/3305"}],"wp:attachment":[{"href":"https:\/\/kleiner-ritter-der-unbefleckten.de\/index.php?rest_route=%2Fwp%2Fv2%2Fmedia&parent=3304"}],"wp:term":[{"taxonomy":"category","embeddable":true,"href":"https:\/\/kleiner-ritter-der-unbefleckten.de\/index.php?rest_route=%2Fwp%2Fv2%2Fcategories&post=3304"},{"taxonomy":"post_tag","embeddable":true,"href":"https:\/\/kleiner-ritter-der-unbefleckten.de\/index.php?rest_route=%2Fwp%2Fv2%2Ftags&post=3304"}],"curies":[{"name":"wp","href":"https:\/\/api.w.org\/{rel}","templated":true}]}}