{"id":3337,"date":"2026-03-18T00:56:00","date_gmt":"2026-03-17T23:56:00","guid":{"rendered":"https:\/\/kleiner-ritter-der-unbefleckten.de\/?p=3337"},"modified":"2026-02-26T14:47:12","modified_gmt":"2026-02-26T13:47:12","slug":"das-geschenk-der-heiligen-beichte-2","status":"publish","type":"post","link":"https:\/\/kleiner-ritter-der-unbefleckten.de\/?p=3337","title":{"rendered":"Das Geschenk der heiligen Beichte &#8211; 2"},"content":{"rendered":"\n<p class=\"has-text-align-center\">Pater Rupert Mayer war auch ein Priester, der viel Zeit im Beichtstuhl verbrachte. Bei ihm geschah folgendes:<\/p>\n\n\n<div class=\"wp-block-image\">\n<figure class=\"aligncenter size-large is-resized\"><a href=\"https:\/\/kleiner-ritter-der-unbefleckten.de\/wp-content\/uploads\/2015\/07\/DSCN0026.jpg\"><img loading=\"lazy\" decoding=\"async\" src=\"https:\/\/kleiner-ritter-der-unbefleckten.de\/wp-content\/uploads\/2015\/07\/DSCN0026-1024x984.jpg\" alt=\"\" class=\"wp-image-1434\" width=\"322\" height=\"309\" srcset=\"https:\/\/kleiner-ritter-der-unbefleckten.de\/wp-content\/uploads\/2015\/07\/DSCN0026-1024x984.jpg 1024w, https:\/\/kleiner-ritter-der-unbefleckten.de\/wp-content\/uploads\/2015\/07\/DSCN0026-300x288.jpg 300w, https:\/\/kleiner-ritter-der-unbefleckten.de\/wp-content\/uploads\/2015\/07\/DSCN0026.jpg 1160w\" sizes=\"auto, (max-width: 322px) 100vw, 322px\" \/><\/a><figcaption class=\"wp-element-caption\"> <\/figcaption><\/figure>\n<\/div>\n\n\n<p class=\"has-text-align-center\">Eines Tages kam eine Frau zu Pater Rupert Mayer in den Beichtstuhl. Sie begann ihr Bekenntnis ganz anders als wie man es gewohnt ist und wollte dadurch den Priester provozieren. Sie sagte: \u201ePater, eigentlich sollte ich jetzt beichten. Aber wissen Sie, mir tut das, was ich angestellt habe, \u00fcberhaupt nicht leid.\u201c<br>Nun dachte sie nat\u00fcrlich, dass sie hinausgeworfen w\u00fcrde aus dem Beichtstuhl. Doch wie reagierte Pater R. Mayer? Er sagte: \u201eDas freut mich, dass Sie so ehrlich sind. Mit solchen Menschen kann man etwas anfangen.\u201c Die Frau war durch diese Worte so ber\u00fchrt, dass sie eine ernste Reue \u00fcber ihre S\u00fcnden bekam und eine ehrliche Beichte ablegte.<\/p>\n\n\n\n<p class=\"has-text-align-center\">Es gab viele Menschen im Leben von Pater P. Mayer, die nichts von der heiligen Beichte wissen wollten. Pater Mayer versuchte sie dann nicht mit Worten zu \u00fcberzeugen, wie wichtig doch eine Beichte ist, sondern er w\u00e4hlte ganz andere Wege. Indem er ihnen ihre W\u00fcnsche erf\u00fcllte, waren diese so \u00fcberrascht und \u00f6ffneten ihre Herzen f\u00fcr die Liebe Gottes. <\/p>\n\n\n\n<p class=\"has-text-align-center\">Welch ungew\u00f6hnliche Wege er dabei ging k\u00f6nnt ihr in den n\u00e4chsten Tagen lesen.<\/p>\n","protected":false},"excerpt":{"rendered":"<p>Pater Rupert Mayer war auch ein Priester, der viel Zeit im Beichtstuhl verbrachte. Bei ihm geschah folgendes: Eines Tages kam eine Frau zu Pater Rupert Mayer in den Beichtstuhl. Sie begann ihr Bekenntnis ganz anders als wie man es gewohnt &hellip; <a href=\"https:\/\/kleiner-ritter-der-unbefleckten.de\/?p=3337\">Weiterlesen <span class=\"meta-nav\">&rarr;<\/span><\/a><\/p>\n","protected":false},"author":3,"featured_media":0,"comment_status":"open","ping_status":"closed","sticky":false,"template":"","format":"standard","meta":{"footnotes":""},"categories":[1,14,17],"tags":[],"class_list":["post-3337","post","type-post","status-publish","format-standard","hentry","category-aktuell","category-geschichte","category-reue-und-beichte"],"_links":{"self":[{"href":"https:\/\/kleiner-ritter-der-unbefleckten.de\/index.php?rest_route=\/wp\/v2\/posts\/3337","targetHints":{"allow":["GET"]}}],"collection":[{"href":"https:\/\/kleiner-ritter-der-unbefleckten.de\/index.php?rest_route=\/wp\/v2\/posts"}],"about":[{"href":"https:\/\/kleiner-ritter-der-unbefleckten.de\/index.php?rest_route=\/wp\/v2\/types\/post"}],"author":[{"embeddable":true,"href":"https:\/\/kleiner-ritter-der-unbefleckten.de\/index.php?rest_route=\/wp\/v2\/users\/3"}],"replies":[{"embeddable":true,"href":"https:\/\/kleiner-ritter-der-unbefleckten.de\/index.php?rest_route=%2Fwp%2Fv2%2Fcomments&post=3337"}],"version-history":[{"count":1,"href":"https:\/\/kleiner-ritter-der-unbefleckten.de\/index.php?rest_route=\/wp\/v2\/posts\/3337\/revisions"}],"predecessor-version":[{"id":3338,"href":"https:\/\/kleiner-ritter-der-unbefleckten.de\/index.php?rest_route=\/wp\/v2\/posts\/3337\/revisions\/3338"}],"wp:attachment":[{"href":"https:\/\/kleiner-ritter-der-unbefleckten.de\/index.php?rest_route=%2Fwp%2Fv2%2Fmedia&parent=3337"}],"wp:term":[{"taxonomy":"category","embeddable":true,"href":"https:\/\/kleiner-ritter-der-unbefleckten.de\/index.php?rest_route=%2Fwp%2Fv2%2Fcategories&post=3337"},{"taxonomy":"post_tag","embeddable":true,"href":"https:\/\/kleiner-ritter-der-unbefleckten.de\/index.php?rest_route=%2Fwp%2Fv2%2Ftags&post=3337"}],"curies":[{"name":"wp","href":"https:\/\/api.w.org\/{rel}","templated":true}]}}