{"id":3434,"date":"2024-06-18T10:30:00","date_gmt":"2024-06-18T10:30:00","guid":{"rendered":"https:\/\/kleiner-ritter-der-unbefleckten.de\/?p=3434"},"modified":"2024-08-12T13:51:52","modified_gmt":"2024-08-12T11:51:52","slug":"selbst-gemalte-bilder","status":"publish","type":"post","link":"https:\/\/kleiner-ritter-der-unbefleckten.de\/?p=3434","title":{"rendered":"selbst gemalte Bilder"},"content":{"rendered":"\n<div class=\"wp-block-media-text alignwide is-stacked-on-mobile\"><figure class=\"wp-block-media-text__media\"><img loading=\"lazy\" decoding=\"async\" width=\"1024\" height=\"768\" src=\"https:\/\/kleiner-ritter-der-unbefleckten.de\/wp-content\/uploads\/2023\/06\/Fische-Mirijam-1024x768.jpg\" alt=\"\" class=\"wp-image-3435 size-full\" srcset=\"https:\/\/kleiner-ritter-der-unbefleckten.de\/wp-content\/uploads\/2023\/06\/Fische-Mirijam-1024x768.jpg 1024w, https:\/\/kleiner-ritter-der-unbefleckten.de\/wp-content\/uploads\/2023\/06\/Fische-Mirijam-300x225.jpg 300w, https:\/\/kleiner-ritter-der-unbefleckten.de\/wp-content\/uploads\/2023\/06\/Fische-Mirijam-768x576.jpg 768w, https:\/\/kleiner-ritter-der-unbefleckten.de\/wp-content\/uploads\/2023\/06\/Fische-Mirijam-1536x1152.jpg 1536w, https:\/\/kleiner-ritter-der-unbefleckten.de\/wp-content\/uploads\/2023\/06\/Fische-Mirijam.jpg 2016w\" sizes=\"auto, (max-width: 1024px) 100vw, 1024px\" \/><\/figure><div class=\"wp-block-media-text__content\">\n<p class=\"has-text-align-center has-medium-font-size\"><strong>Liebe Kinder<\/strong>!<\/p>\n\n\n\n<p class=\"has-text-align-center has-medium-font-size\">Malt und bastelt ihr gerne?<br>Wir suchen Bilder zu religi\u00f6sen Themen.<\/p>\n\n\n\n<p class=\"has-text-align-center has-medium-font-size\">Solltest Du da etwas passendes haben, dann schick es mir doch einfach per Mail zu. Meine Mailadresse findest Du im Impressum.<\/p>\n<\/div><\/div>\n\n\n\n<p class=\"has-text-align-center has-medium-font-size\">Was ihr malt, \u00fcberlassen wir euch. Wir schreiben dann einen Text dazu. Nat\u00fcrlich k\u00f6nnt ihr auch einen Text dazu schreiben oder W\u00fcnsche \u00e4u\u00dfern<\/p>\n\n\n\n<p class=\"has-text-align-center has-medium-font-size\">Wir freuen uns \u00fcber jede Einsendung! <\/p>\n","protected":false},"excerpt":{"rendered":"<p>Liebe Kinder! Malt und bastelt ihr gerne?Wir suchen Bilder zu religi\u00f6sen Themen. Solltest Du da etwas passendes haben, dann schick es mir doch einfach per Mail zu. Meine Mailadresse findest Du im Impressum. Was ihr malt, \u00fcberlassen wir euch. Wir &hellip; <a href=\"https:\/\/kleiner-ritter-der-unbefleckten.de\/?p=3434\">Weiterlesen <span class=\"meta-nav\">&rarr;<\/span><\/a><\/p>\n","protected":false},"author":3,"featured_media":0,"comment_status":"open","ping_status":"closed","sticky":false,"template":"","format":"standard","meta":{"footnotes":""},"categories":[1,19],"tags":[],"class_list":["post-3434","post","type-post","status-publish","format-standard","hentry","category-aktuell","category-bastelangebot"],"_links":{"self":[{"href":"https:\/\/kleiner-ritter-der-unbefleckten.de\/index.php?rest_route=\/wp\/v2\/posts\/3434","targetHints":{"allow":["GET"]}}],"collection":[{"href":"https:\/\/kleiner-ritter-der-unbefleckten.de\/index.php?rest_route=\/wp\/v2\/posts"}],"about":[{"href":"https:\/\/kleiner-ritter-der-unbefleckten.de\/index.php?rest_route=\/wp\/v2\/types\/post"}],"author":[{"embeddable":true,"href":"https:\/\/kleiner-ritter-der-unbefleckten.de\/index.php?rest_route=\/wp\/v2\/users\/3"}],"replies":[{"embeddable":true,"href":"https:\/\/kleiner-ritter-der-unbefleckten.de\/index.php?rest_route=%2Fwp%2Fv2%2Fcomments&post=3434"}],"version-history":[{"count":1,"href":"https:\/\/kleiner-ritter-der-unbefleckten.de\/index.php?rest_route=\/wp\/v2\/posts\/3434\/revisions"}],"predecessor-version":[{"id":3436,"href":"https:\/\/kleiner-ritter-der-unbefleckten.de\/index.php?rest_route=\/wp\/v2\/posts\/3434\/revisions\/3436"}],"wp:attachment":[{"href":"https:\/\/kleiner-ritter-der-unbefleckten.de\/index.php?rest_route=%2Fwp%2Fv2%2Fmedia&parent=3434"}],"wp:term":[{"taxonomy":"category","embeddable":true,"href":"https:\/\/kleiner-ritter-der-unbefleckten.de\/index.php?rest_route=%2Fwp%2Fv2%2Fcategories&post=3434"},{"taxonomy":"post_tag","embeddable":true,"href":"https:\/\/kleiner-ritter-der-unbefleckten.de\/index.php?rest_route=%2Fwp%2Fv2%2Ftags&post=3434"}],"curies":[{"name":"wp","href":"https:\/\/api.w.org\/{rel}","templated":true}]}}