{"id":3745,"date":"2025-10-05T08:37:07","date_gmt":"2025-10-05T06:37:07","guid":{"rendered":"https:\/\/kleiner-ritter-der-unbefleckten.de\/?p=3745"},"modified":"2025-10-05T08:38:13","modified_gmt":"2025-10-05T06:38:13","slug":"erntedank-zeit-um-danke-zu-sagen","status":"publish","type":"post","link":"https:\/\/kleiner-ritter-der-unbefleckten.de\/?p=3745","title":{"rendered":"Erntedank &#8211; Zeit, um DANKE zu sagen"},"content":{"rendered":"<div class=\"wp-block-image\">\n<figure class=\"aligncenter size-full\"><a href=\"https:\/\/kleiner-ritter-der-unbefleckten.de\/wp-content\/uploads\/2025\/10\/Ernterad-danke.jpg\"><img loading=\"lazy\" decoding=\"async\" width=\"364\" height=\"364\" src=\"https:\/\/kleiner-ritter-der-unbefleckten.de\/wp-content\/uploads\/2025\/10\/Ernterad-danke.jpg\" alt=\"\" class=\"wp-image-3746\" srcset=\"https:\/\/kleiner-ritter-der-unbefleckten.de\/wp-content\/uploads\/2025\/10\/Ernterad-danke.jpg 364w, https:\/\/kleiner-ritter-der-unbefleckten.de\/wp-content\/uploads\/2025\/10\/Ernterad-danke-300x300.jpg 300w, https:\/\/kleiner-ritter-der-unbefleckten.de\/wp-content\/uploads\/2025\/10\/Ernterad-danke-150x150.jpg 150w\" sizes=\"auto, (max-width: 364px) 100vw, 364px\" \/><\/a><\/figure>\n<\/div>\n\n\n<p class=\"has-text-align-center has-medium-font-size\">Es ist nicht <a href=\"https:\/\/asn.help\/?page_id=38\">selbstverst\u00e4ndlich<\/a>, dass wir alles, was wir zum Leben ben\u00f6tigen, auch haben. Ein Dach \u00fcber dem Kopf, Personen, die sich um uns k\u00fcmmern, etwas zu essen &#8230;<br>Nutzt doch einfach einmal die Gelegenheit, um Gott zu danken. Macht es euch zu einer Angewohnheit, zwischendurch einfach einmal zu danken. Ich bin mir sicher, dass ihr dann viel bewusster mit den so &#8222;selbstverst\u00e4ndlichen&#8220; Dingen umgeht.<\/p>\n","protected":false},"excerpt":{"rendered":"<p>Es ist nicht selbstverst\u00e4ndlich, dass wir alles, was wir zum Leben ben\u00f6tigen, auch haben. Ein Dach \u00fcber dem Kopf, Personen, die sich um uns k\u00fcmmern, etwas zu essen &#8230;Nutzt doch einfach einmal die Gelegenheit, um Gott zu danken. Macht es &hellip; <a href=\"https:\/\/kleiner-ritter-der-unbefleckten.de\/?p=3745\">Weiterlesen <span class=\"meta-nav\">&rarr;<\/span><\/a><\/p>\n","protected":false},"author":3,"featured_media":0,"comment_status":"open","ping_status":"closed","sticky":false,"template":"","format":"standard","meta":{"footnotes":""},"categories":[1],"tags":[],"class_list":["post-3745","post","type-post","status-publish","format-standard","hentry","category-aktuell"],"_links":{"self":[{"href":"https:\/\/kleiner-ritter-der-unbefleckten.de\/index.php?rest_route=\/wp\/v2\/posts\/3745","targetHints":{"allow":["GET"]}}],"collection":[{"href":"https:\/\/kleiner-ritter-der-unbefleckten.de\/index.php?rest_route=\/wp\/v2\/posts"}],"about":[{"href":"https:\/\/kleiner-ritter-der-unbefleckten.de\/index.php?rest_route=\/wp\/v2\/types\/post"}],"author":[{"embeddable":true,"href":"https:\/\/kleiner-ritter-der-unbefleckten.de\/index.php?rest_route=\/wp\/v2\/users\/3"}],"replies":[{"embeddable":true,"href":"https:\/\/kleiner-ritter-der-unbefleckten.de\/index.php?rest_route=%2Fwp%2Fv2%2Fcomments&post=3745"}],"version-history":[{"count":2,"href":"https:\/\/kleiner-ritter-der-unbefleckten.de\/index.php?rest_route=\/wp\/v2\/posts\/3745\/revisions"}],"predecessor-version":[{"id":3748,"href":"https:\/\/kleiner-ritter-der-unbefleckten.de\/index.php?rest_route=\/wp\/v2\/posts\/3745\/revisions\/3748"}],"wp:attachment":[{"href":"https:\/\/kleiner-ritter-der-unbefleckten.de\/index.php?rest_route=%2Fwp%2Fv2%2Fmedia&parent=3745"}],"wp:term":[{"taxonomy":"category","embeddable":true,"href":"https:\/\/kleiner-ritter-der-unbefleckten.de\/index.php?rest_route=%2Fwp%2Fv2%2Fcategories&post=3745"},{"taxonomy":"post_tag","embeddable":true,"href":"https:\/\/kleiner-ritter-der-unbefleckten.de\/index.php?rest_route=%2Fwp%2Fv2%2Ftags&post=3745"}],"curies":[{"name":"wp","href":"https:\/\/api.w.org\/{rel}","templated":true}]}}