{"id":445,"date":"2024-11-30T00:00:00","date_gmt":"2024-11-30T00:00:00","guid":{"rendered":"http:\/\/apostolatsgemeinschaft.eu\/kl-ritter?p=445"},"modified":"2024-02-22T14:01:25","modified_gmt":"2024-02-22T14:01:25","slug":"die-ersten-juenger","status":"publish","type":"post","link":"https:\/\/kleiner-ritter-der-unbefleckten.de\/?p=445","title":{"rendered":"Die ersten J\u00fcnger"},"content":{"rendered":"<p align=\"center\"><b><span style=\"font-size: xx-large;\">Die ersten J\u00fcnger<\/span><\/b><\/p>\n<p><a href=\"https:\/\/kleiner-ritter-der-unbefleckten.de\/wp-content\/uploads\/2014\/01\/Juenger-Jesu.jpeg\"><img loading=\"lazy\" decoding=\"async\" class=\"wp-image-443 alignleft\" src=\"https:\/\/kleiner-ritter-der-unbefleckten.de\/wp-content\/uploads\/2014\/01\/Juenger-Jesu-300x288.jpeg\" alt=\"Juenger-Jesu\" width=\"224\" height=\"215\" srcset=\"https:\/\/kleiner-ritter-der-unbefleckten.de\/wp-content\/uploads\/2014\/01\/Juenger-Jesu-300x288.jpeg 300w, https:\/\/kleiner-ritter-der-unbefleckten.de\/wp-content\/uploads\/2014\/01\/Juenger-Jesu.jpeg 735w\" sizes=\"auto, (max-width: 224px) 100vw, 224px\" \/><\/a><\/p>\n<p>Heute begehen wir das Fest des heiligen Andreas.<\/p>\n<p>&#8222;<b><span style=\"font-size: large;\">Als Jesus am Ufer des Sees von Galil\u00e4a entlangging, sah er zwei Br\u00fcder, Simon, der Petrus genannt wird, und Andreas, <\/span><\/b><b><span style=\"font-size: large;\">seinen Bruder, wie sie das Netz in den See warfen; sie waren n\u00e4mlich Fischer. Und er sprach zu ihnen: &#8222;Kommt, folgt mir nach, und ich werde euch zu Menschenfischern machen!&#8220; Sie verlie\u00dfen sogleich ihre Netze und folgten ihm nach. Als er von dort weiterging, sah er zwei andere Br\u00fcder, Jakobus, den Sohn des Zebed\u00e4us, und Johannes, seinen Bruder, wie sie im Schiff mit Zebed\u00e4us, ihrem Vater, ihre Netze zurechtmachten, und er rief sie. Sie verlie\u00dfen sogleich das Schiff und ihren Vater und folgten ihm nach. <\/span><\/b><em><span style=\"font-size: large;\">(<a href=\"http:\/\/vulgata.info\/index.php\/Kategorie:Vulgata:NT:Mt04\">Mt 4,18-22<\/a>)&#8220; <!--more--><\/span><b><span style=\"font-size: large;\"><br \/>\n<\/span><\/b><\/em><\/p>\n<p><span style=\"font-size: large;\">Petrus und Andreas waren am Arbeiten, als Jesus zu ihnen kam. Sie \u00fcberlegten nicht lange und folgten Jesus. Stell dir vor, Jesus k\u00e4me zu dir: Wie w\u00fcrdest du reagieren? Er w\u00fcrde dir nat\u00fcrlich nicht sagen: Folge mir nach. Aber vielleicht w\u00fcrde er sagen: Komm, lass deinen Ball liegen und bete kurz zu mir. H\u00f6rst du dann auf deine Gedanken oder ignorierst du die Stimme in deinem Herzen. Lerne immer mehr auf deine innere Stimme zu h\u00f6ren. Jesus freut sich dar\u00fcber.<\/span><\/p>\n","protected":false},"excerpt":{"rendered":"<p>Die ersten J\u00fcnger Heute begehen wir das Fest des heiligen Andreas. &#8222;Als Jesus am Ufer des Sees von Galil\u00e4a entlangging, sah er zwei Br\u00fcder, Simon, der Petrus genannt wird, und Andreas, seinen Bruder, wie sie das Netz in den See &hellip; <a href=\"https:\/\/kleiner-ritter-der-unbefleckten.de\/?p=445\">Weiterlesen <span class=\"meta-nav\">&rarr;<\/span><\/a><\/p>\n","protected":false},"author":3,"featured_media":0,"comment_status":"open","ping_status":"closed","sticky":false,"template":"","format":"standard","meta":{"footnotes":""},"categories":[11],"tags":[],"class_list":["post-445","post","type-post","status-publish","format-standard","hentry","category-neues-testament"],"_links":{"self":[{"href":"https:\/\/kleiner-ritter-der-unbefleckten.de\/index.php?rest_route=\/wp\/v2\/posts\/445","targetHints":{"allow":["GET"]}}],"collection":[{"href":"https:\/\/kleiner-ritter-der-unbefleckten.de\/index.php?rest_route=\/wp\/v2\/posts"}],"about":[{"href":"https:\/\/kleiner-ritter-der-unbefleckten.de\/index.php?rest_route=\/wp\/v2\/types\/post"}],"author":[{"embeddable":true,"href":"https:\/\/kleiner-ritter-der-unbefleckten.de\/index.php?rest_route=\/wp\/v2\/users\/3"}],"replies":[{"embeddable":true,"href":"https:\/\/kleiner-ritter-der-unbefleckten.de\/index.php?rest_route=%2Fwp%2Fv2%2Fcomments&post=445"}],"version-history":[{"count":6,"href":"https:\/\/kleiner-ritter-der-unbefleckten.de\/index.php?rest_route=\/wp\/v2\/posts\/445\/revisions"}],"predecessor-version":[{"id":3227,"href":"https:\/\/kleiner-ritter-der-unbefleckten.de\/index.php?rest_route=\/wp\/v2\/posts\/445\/revisions\/3227"}],"wp:attachment":[{"href":"https:\/\/kleiner-ritter-der-unbefleckten.de\/index.php?rest_route=%2Fwp%2Fv2%2Fmedia&parent=445"}],"wp:term":[{"taxonomy":"category","embeddable":true,"href":"https:\/\/kleiner-ritter-der-unbefleckten.de\/index.php?rest_route=%2Fwp%2Fv2%2Fcategories&post=445"},{"taxonomy":"post_tag","embeddable":true,"href":"https:\/\/kleiner-ritter-der-unbefleckten.de\/index.php?rest_route=%2Fwp%2Fv2%2Ftags&post=445"}],"curies":[{"name":"wp","href":"https:\/\/api.w.org\/{rel}","templated":true}]}}