{"id":522,"date":"2024-06-28T00:00:00","date_gmt":"2024-06-28T00:00:00","guid":{"rendered":"http:\/\/apostolatsgemeinschaft.eu\/kl-ritter?p=522"},"modified":"2024-02-10T09:52:02","modified_gmt":"2024-02-10T09:52:02","slug":"maedchen-steh-auf","status":"publish","type":"post","link":"https:\/\/kleiner-ritter-der-unbefleckten.de\/?p=522","title":{"rendered":"M\u00e4dchen, steh auf&#8230;"},"content":{"rendered":"<p style=\"color: #000000; font-family: 'Times New Roman'; font-size: medium; font-style: normal; font-variant: normal; font-weight: normal; letter-spacing: normal; line-height: normal; orphans: auto; text-indent: 0px; text-transform: none; white-space: normal; widows: auto; word-spacing: 0px; -webkit-text-stroke-width: 0px;\" align=\"center\"><b><span style=\"font-size: xx-large;\">Totenerweckung<\/span><\/b><\/p>\n<p style=\"color: #000000; font-family: 'Times New Roman'; font-size: medium; font-style: normal; font-variant: normal; font-weight: normal; letter-spacing: normal; line-height: normal; orphans: auto; text-align: start; text-indent: 0px; text-transform: none; white-space: normal; widows: auto; word-spacing: 0px; -webkit-text-stroke-width: 0px;\"><b><span style=\"font-size: large;\">Es kam ein Mann zu Jesus, fiel ihm zu F\u00fc\u00dfen und flehte ihn an, in sein Haus zu kommen, denn er hatte eine einzige Tochter von etwa zw\u00f6lf Jahren, und diese lag im Sterben. Auf dem Weg dorthin umdr\u00e4ngte ihn die Menge des Volkes. Da kam jemand und sagte: &#8222;Deine Tochter ist gestorben, bem\u00fche den Meister nicht weiter!&#8220; Jesus aber, der es h\u00f6rte, wandte sich an ihn. &#8222;Sei ohne Furcht, glaube nur, und sie wird gerettet!&#8220; Als er an das Haus kam, lie\u00df er niemand mit sich hinein, au\u00dfer Petrus, Johannes und Jakobus und den Vater und die Mutter des M\u00e4dchens. Alle weinten und klagten um sie. Er aber sprach: &#8222;Weint nicht, denn sie ist nicht gestorben, sondern sie schl\u00e4ft!&#8220; Da verlachten sie ihn, weil sie doch wussten, dass sie gestorben war. Er nahm sie bei der Hand und rief: &#8222;M\u00e4dchen, steh auf!&#8220; Da kehrte ihr Geist zur\u00fcck, und sie erhob sich auf der Stelle. Und er befahl, dass man ihr zu essen gebe. Ihre Eltern waren vor Staunen au\u00dfer sich; er aber gebot ihnen, niemand zu sagen, was geschehen war. <\/span><\/b><a href=\"http:\/\/vulgata.info\/index.php\/Kategorie:Vulgata:NT:Lk08\"><span style=\"font-size: large;\">(<em>Lk 8,40-42.49-55<\/em>)<\/span><b><span style=\"font-size: large;\">&#8222;<\/span><\/b><\/a><!--more--><br \/>\n<span style=\"font-size: large;\">Der Vater des M\u00e4dchens hatte Vertrauen zu Jesus. Er suchte seine Hilfe, weil er wusste, dass Jesus auch in schwierigen Situationen helfen kann.<\/span><\/p>\n<p style=\"color: #000000; font-family: 'Times New Roman'; font-size: medium; font-style: normal; font-variant: normal; font-weight: normal; letter-spacing: normal; line-height: normal; orphans: auto; text-align: start; text-indent: 0px; text-transform: none; white-space: normal; widows: auto; word-spacing: 0px; -webkit-text-stroke-width: 0px;\"><span style=\"font-size: large;\"><a href=\"https:\/\/kleiner-ritter-der-unbefleckten.de\/wp-content\/uploads\/2014\/08\/Kinder.jpg\"><img loading=\"lazy\" decoding=\"async\" class=\"size-full wp-image-895 alignleft\" src=\"https:\/\/kleiner-ritter-der-unbefleckten.de\/wp-content\/uploads\/2014\/08\/Kinder.jpg\" alt=\"Kinder\" width=\"205\" height=\"131\"><\/a>Vertrauen wir auch immer auf Jesus? Wie ist das mit dir? Wenn du ganz traurig bist, rufst du dann zu Jesus? Er kann dir helfen. Aber du musst dich auf den Weg machen und ihn bitten, dass er dir helfen soll. Er kann dir nur helfen, wenn du zu ihm kommst. Ja du hast recht, er l\u00e4uft dann nicht in dem Moment an deinem Haus vorbei. Oder vielleicht doch? Er steht immer vor deinem Haus. Ich meine nat\u00fcrlich vor deinem Herzen. Er klopft so oft an. \u00d6ffnest du ihm die T\u00fcr? Versuche es einfach. Sprich zu ihm wie zu deinem besten Freund. Er versteht dich. Du wirst sehen, dass es dir schnell besser geht.<\/span><\/p>\n","protected":false},"excerpt":{"rendered":"<p>Totenerweckung Es kam ein Mann zu Jesus, fiel ihm zu F\u00fc\u00dfen und flehte ihn an, in sein Haus zu kommen, denn er hatte eine einzige Tochter von etwa zw\u00f6lf Jahren, und diese lag im Sterben. Auf dem Weg dorthin umdr\u00e4ngte &hellip; <a href=\"https:\/\/kleiner-ritter-der-unbefleckten.de\/?p=522\">Weiterlesen <span class=\"meta-nav\">&rarr;<\/span><\/a><\/p>\n","protected":false},"author":3,"featured_media":0,"comment_status":"open","ping_status":"closed","sticky":false,"template":"","format":"standard","meta":{"footnotes":""},"categories":[1,11],"tags":[],"class_list":["post-522","post","type-post","status-publish","format-standard","hentry","category-aktuell","category-neues-testament"],"_links":{"self":[{"href":"https:\/\/kleiner-ritter-der-unbefleckten.de\/index.php?rest_route=\/wp\/v2\/posts\/522","targetHints":{"allow":["GET"]}}],"collection":[{"href":"https:\/\/kleiner-ritter-der-unbefleckten.de\/index.php?rest_route=\/wp\/v2\/posts"}],"about":[{"href":"https:\/\/kleiner-ritter-der-unbefleckten.de\/index.php?rest_route=\/wp\/v2\/types\/post"}],"author":[{"embeddable":true,"href":"https:\/\/kleiner-ritter-der-unbefleckten.de\/index.php?rest_route=\/wp\/v2\/users\/3"}],"replies":[{"embeddable":true,"href":"https:\/\/kleiner-ritter-der-unbefleckten.de\/index.php?rest_route=%2Fwp%2Fv2%2Fcomments&post=522"}],"version-history":[{"count":9,"href":"https:\/\/kleiner-ritter-der-unbefleckten.de\/index.php?rest_route=\/wp\/v2\/posts\/522\/revisions"}],"predecessor-version":[{"id":2941,"href":"https:\/\/kleiner-ritter-der-unbefleckten.de\/index.php?rest_route=\/wp\/v2\/posts\/522\/revisions\/2941"}],"wp:attachment":[{"href":"https:\/\/kleiner-ritter-der-unbefleckten.de\/index.php?rest_route=%2Fwp%2Fv2%2Fmedia&parent=522"}],"wp:term":[{"taxonomy":"category","embeddable":true,"href":"https:\/\/kleiner-ritter-der-unbefleckten.de\/index.php?rest_route=%2Fwp%2Fv2%2Fcategories&post=522"},{"taxonomy":"post_tag","embeddable":true,"href":"https:\/\/kleiner-ritter-der-unbefleckten.de\/index.php?rest_route=%2Fwp%2Fv2%2Ftags&post=522"}],"curies":[{"name":"wp","href":"https:\/\/api.w.org\/{rel}","templated":true}]}}