{"id":632,"date":"2026-04-03T15:30:00","date_gmt":"2026-04-03T13:30:00","guid":{"rendered":"http:\/\/apostolatsgemeinschaft.eu\/kl-ritter?p=632"},"modified":"2026-02-28T10:22:59","modified_gmt":"2026-02-28T09:22:59","slug":"jesus-nimmt-das-kreuz-auf-sich","status":"publish","type":"post","link":"https:\/\/kleiner-ritter-der-unbefleckten.de\/?p=632","title":{"rendered":"Jesus nimmt das Kreuz auf sich"},"content":{"rendered":"<p style=\"color: #000000; font-family: 'Times New Roman'; font-size: medium; font-style: normal; font-variant: normal; font-weight: normal; letter-spacing: normal; line-height: normal; orphans: auto; text-align: start; text-indent: 0px; text-transform: none; white-space: normal; widows: auto; word-spacing: 0px; -webkit-text-stroke-width: 0px;\"><b><span style=\"font-size: large;\"><a href=\"https:\/\/kleiner-ritter-der-unbefleckten.de\/wp-content\/uploads\/2014\/04\/C6C1A321.jpg\"><img loading=\"lazy\" decoding=\"async\" class=\"size-medium wp-image-633 alignleft\" src=\"https:\/\/kleiner-ritter-der-unbefleckten.de\/wp-content\/uploads\/2014\/04\/C6C1A321-211x300.jpg\" alt=\"C6C1A321\" width=\"211\" height=\"300\" srcset=\"https:\/\/kleiner-ritter-der-unbefleckten.de\/wp-content\/uploads\/2014\/04\/C6C1A321-211x300.jpg 211w, https:\/\/kleiner-ritter-der-unbefleckten.de\/wp-content\/uploads\/2014\/04\/C6C1A321-723x1024.jpg 723w, https:\/\/kleiner-ritter-der-unbefleckten.de\/wp-content\/uploads\/2014\/04\/C6C1A321.jpg 1136w\" sizes=\"auto, (max-width: 211px) 100vw, 211px\" \/><\/a>&#8222;Nachdem sie ihn verspottet hatten, nahmen sie ihm den Mantel ab, zogen ihm seine Kleider an und f\u00fchrten ihn weg zur Kreuzigung. Auf dem Wege hinaus trafen sie einen Mann von Cyrene, Simon mit Namen; diesen zwangen sie, sein Kreuz zu tragen. Und als sie an den Ort kamen, der Golgotha, das hei\u00dft Sch\u00e4delst\u00e4tte, genannt wird, gaben sie ihm Wein mit Galle vermischt, zu trinken; er kostete davon, wollte aber nicht trinken. Nachdem sie ihn gekreuzigt hatten, verteilten sie seine Kleider, indem sie das Los warfen. Und sie lagerten sich und bewachten ihn dort. \u00dcber sein Haupt setzten sie zur Angabe seiner Schuld die Aufschrift: &#8222;Das ist Jesus, der K\u00f6nig der Juden.&#8220; Zusammen mit ihm wurden zwei Rebellen gekreuzigt, einer zur Rechten und der andere zur Linken. Die Vor\u00fcbergehenden aber l\u00e4sterten ihn, sch\u00fcttelten ihre K\u00f6pfe und sagten: &#8222;Der du den Tempel abbrechen und in drei Tagen aufbauen willst, hilf dir selbst, wenn du der Sohn Gottes bist, und steig herab vom Kreuze!&#8220; Gleicherweise verspotteten ihn auch die Hohenpriester samt den Schriftgelehrten und \u00c4ltesten und sprachen: &#8222;Anderen hat er geholfen, sich selbst kann er nicht helfen. K\u00f6nig von Israel ist er; er steige nun herab vom Kreuze, und wir wollen an ihn glauben. Er hat auf Gott vertraut; der errette ihn nun, wenn er Wohlgefallen hat an ihm; er hat ja gesagt: Ich bin Gottes Sohn! <\/span><\/b><a href=\"http:\/\/vulgata.info\/index.php\/Kategorie:Vulgata:NT:Mt27\"><span style=\"font-size: large;\">(Mt 27,31-43)<\/span><b><span style=\"font-size: large;\">&#8220;<br \/>\n<\/span><\/b><\/a><\/p>\n<p style=\"color: #000000; font-family: 'Times New Roman'; font-size: medium; font-style: normal; font-variant: normal; font-weight: normal; letter-spacing: normal; line-height: normal; orphans: auto; text-align: start; text-indent: 0px; text-transform: none; white-space: normal; widows: auto; word-spacing: 0px; -webkit-text-stroke-width: 0px;\"><b><span style=\"font-size: large;\"><a href=\"https:\/\/kleiner-ritter-der-unbefleckten.de\/wp-content\/uploads\/2014\/04\/jesus-stirbt-2.jpg\"><img loading=\"lazy\" decoding=\"async\" class=\"size-medium wp-image-635 alignleft\" src=\"https:\/\/kleiner-ritter-der-unbefleckten.de\/wp-content\/uploads\/2014\/04\/jesus-stirbt-2-283x300.jpg\" alt=\"jesus-stirbt (2)\" width=\"283\" height=\"300\" srcset=\"https:\/\/kleiner-ritter-der-unbefleckten.de\/wp-content\/uploads\/2014\/04\/jesus-stirbt-2-283x300.jpg 283w, https:\/\/kleiner-ritter-der-unbefleckten.de\/wp-content\/uploads\/2014\/04\/jesus-stirbt-2.jpg 786w\" sizes=\"auto, (max-width: 283px) 100vw, 283px\" \/><\/a>Einer von den aufgeh\u00e4ngten Verbrechern l\u00e4sterte ihn und sagte: &#8222;Bist du nicht der Messias? Hilf dir selbst und uns!&#8220; Der andere aber wies ihn zurecht und sagte: &#8222;Hast nicht einmal du Furcht vor Gott, der du das gleiche Gericht erleidest? Wir leiden mit Recht, denn wir empfangen, was unsere Taten verdienen; dieser aber hat nichts Unrechtes getan.&#8220; Und er sprach: &#8222;Jesus, gedenke meiner, wenn du kommst in deinem Reich!&#8220; Er erwiderte ihm: &#8222;Wahrlich, ich sage dir: Heute noch wirst du mit mir im Paradiese sein! <\/span><\/b><a href=\"http:\/\/vulgata.info\/index.php\/Kategorie:Vulgata:NT:Lk23\"><span style=\"font-size: large;\">(Lk 23,39-42)<\/span><b><span style=\"font-size: large;\">&#8222;<!--more--><br \/>\n<\/span><\/b><\/a><span style=\"font-size: large;\">Diese Stelle ist ein Trost f\u00fcr uns. Jesus hat Mitleid mit allen Menschen, die ehrlich zu ihm sind. Er schickt sie nicht fort. Er liebt jeden einzelnen. So freut er sich, wenn die Menschen einsehen, dass sie falschgehandelt haben und es bereuen. Bemerkst du bei dir, dass du etwas falsches gemacht hast, dann geh direkt zu Jesus und sag ihm, dass es dir leid tut. Er freut sich dar\u00fcber. Bring es dann in die heilige Beichte, damit du wieder ganz sauber vor Jesus stehen kannst. Wenn du ehrlich bereust, wird er dir verzeihen.<\/span><\/p>\n<p style=\"color: #000000; font-family: 'Times New Roman'; font-size: medium; font-style: normal; font-variant: normal; font-weight: normal; letter-spacing: normal; line-height: normal; text-indent: 0px; text-transform: none; white-space: normal; word-spacing: 0px; text-align: left;\"><a href=\"https:\/\/kleiner-ritter-der-unbefleckten.de\/wp-content\/uploads\/2014\/04\/3.jpg\"><img loading=\"lazy\" decoding=\"async\" class=\"size-medium wp-image-634 alignleft\" src=\"https:\/\/kleiner-ritter-der-unbefleckten.de\/wp-content\/uploads\/2014\/04\/3-231x300.jpg\" alt=\"3\" width=\"231\" height=\"300\" srcset=\"https:\/\/kleiner-ritter-der-unbefleckten.de\/wp-content\/uploads\/2014\/04\/3-231x300.jpg 231w, https:\/\/kleiner-ritter-der-unbefleckten.de\/wp-content\/uploads\/2014\/04\/3-791x1024.jpg 791w, https:\/\/kleiner-ritter-der-unbefleckten.de\/wp-content\/uploads\/2014\/04\/3.jpg 1275w\" sizes=\"auto, (max-width: 231px) 100vw, 231px\" \/><\/a><b><span style=\"font-size: large;\">Es standen bei dem Kreuze Jesu seine Mutter und die Schwester seiner Mutter, Maria, die Frau des Klopas, und Maria Magdalena. Als nun Jesus seine Mutter sah und neben ihr stehend den J\u00fcnger, den er liebte, sprach er zur Mutter: &#8222;Frau, siehe dein Sohn!&#8220; Darauf sprach er zum J\u00fcnger: &#8222;Siehe, deine Mutter!&#8220; Und von jener Stunde an nahm sie der J\u00fcnger zu sich. <\/span><\/b><em><span style=\"font-size: large;\">(<a href=\"http:\/\/vulgata.info\/index.php\/Kategorie:Vulgata:NT:Joh19\">Joh 19,25-27<\/a>)&#8220;<\/span><b><span style=\"font-size: large;\"><br \/>\n<\/span><\/b><\/em><\/p>\n<p style=\"color: #000000; font-family: 'Times New Roman'; font-size: medium; font-style: normal; font-variant: normal; font-weight: normal; letter-spacing: normal; line-height: normal; orphans: auto; text-align: start; text-indent: 0px; text-transform: none; white-space: normal; widows: auto; word-spacing: 0px; -webkit-text-stroke-width: 0px;\"><span style=\"font-size: large;\">Obwohl Jesus am Kreuz h\u00e4ngt und furchtbare Schmerzen hat, denkt er nicht an sich. Er denkt an dich. Ja, du hast richtig geh\u00f6rt. Das steht da doch gar nicht, sagst du? Doch, indem er Maria Johannes als Sohn schenkte, schenkte er auch dir Maria zur Mutter. Johannes steht da f\u00fcr alle Menschen. Jesus sagt auch zu dir: &#8222;Nimm Maria als deine Mutter an. Als deine Mutter sorgt sie sich um dich und bittet mich in deinem Namen um alles, um was du mich bitten m\u00f6chtest. Sie hilft dir. Sie geht mit dir auf deinem Weg.&#8220;<\/span><\/p>\n","protected":false},"excerpt":{"rendered":"<p>&#8222;Nachdem sie ihn verspottet hatten, nahmen sie ihm den Mantel ab, zogen ihm seine Kleider an und f\u00fchrten ihn weg zur Kreuzigung. Auf dem Wege hinaus trafen sie einen Mann von Cyrene, Simon mit Namen; diesen zwangen sie, sein Kreuz &hellip; <a href=\"https:\/\/kleiner-ritter-der-unbefleckten.de\/?p=632\">Weiterlesen <span class=\"meta-nav\">&rarr;<\/span><\/a><\/p>\n","protected":false},"author":3,"featured_media":0,"comment_status":"open","ping_status":"closed","sticky":false,"template":"","format":"standard","meta":{"footnotes":""},"categories":[1,11],"tags":[],"class_list":["post-632","post","type-post","status-publish","format-standard","hentry","category-aktuell","category-neues-testament"],"_links":{"self":[{"href":"https:\/\/kleiner-ritter-der-unbefleckten.de\/index.php?rest_route=\/wp\/v2\/posts\/632","targetHints":{"allow":["GET"]}}],"collection":[{"href":"https:\/\/kleiner-ritter-der-unbefleckten.de\/index.php?rest_route=\/wp\/v2\/posts"}],"about":[{"href":"https:\/\/kleiner-ritter-der-unbefleckten.de\/index.php?rest_route=\/wp\/v2\/types\/post"}],"author":[{"embeddable":true,"href":"https:\/\/kleiner-ritter-der-unbefleckten.de\/index.php?rest_route=\/wp\/v2\/users\/3"}],"replies":[{"embeddable":true,"href":"https:\/\/kleiner-ritter-der-unbefleckten.de\/index.php?rest_route=%2Fwp%2Fv2%2Fcomments&post=632"}],"version-history":[{"count":4,"href":"https:\/\/kleiner-ritter-der-unbefleckten.de\/index.php?rest_route=\/wp\/v2\/posts\/632\/revisions"}],"predecessor-version":[{"id":2703,"href":"https:\/\/kleiner-ritter-der-unbefleckten.de\/index.php?rest_route=\/wp\/v2\/posts\/632\/revisions\/2703"}],"wp:attachment":[{"href":"https:\/\/kleiner-ritter-der-unbefleckten.de\/index.php?rest_route=%2Fwp%2Fv2%2Fmedia&parent=632"}],"wp:term":[{"taxonomy":"category","embeddable":true,"href":"https:\/\/kleiner-ritter-der-unbefleckten.de\/index.php?rest_route=%2Fwp%2Fv2%2Fcategories&post=632"},{"taxonomy":"post_tag","embeddable":true,"href":"https:\/\/kleiner-ritter-der-unbefleckten.de\/index.php?rest_route=%2Fwp%2Fv2%2Ftags&post=632"}],"curies":[{"name":"wp","href":"https:\/\/api.w.org\/{rel}","templated":true}]}}