{"id":641,"date":"2026-04-07T00:00:00","date_gmt":"2026-04-06T22:00:00","guid":{"rendered":"http:\/\/apostolatsgemeinschaft.eu\/kl-ritter?p=641"},"modified":"2026-02-28T10:47:12","modified_gmt":"2026-02-28T09:47:12","slug":"auferstehung","status":"publish","type":"post","link":"https:\/\/kleiner-ritter-der-unbefleckten.de\/?p=641","title":{"rendered":"Auferstehung"},"content":{"rendered":"<p style=\"color: #000000; font-family: 'Times New Roman'; font-size: medium; font-style: normal; font-variant: normal; font-weight: normal; letter-spacing: normal; line-height: normal; orphans: auto; text-align: start; text-indent: 0px; text-transform: none; white-space: normal; widows: auto; word-spacing: 0px; -webkit-text-stroke-width: 0px;\"><b><span style=\"font-size: xx-large;\"><a href=\"https:\/\/kleiner-ritter-der-unbefleckten.de\/wp-content\/uploads\/2014\/04\/Jesu-Auferstehung.jpg\"><img loading=\"lazy\" decoding=\"async\" class=\"wp-image-643 alignleft\" src=\"https:\/\/kleiner-ritter-der-unbefleckten.de\/wp-content\/uploads\/2014\/04\/Jesu-Auferstehung-218x300.jpg\" alt=\"Jesu-Auferstehung\" width=\"218\" height=\"300\" srcset=\"https:\/\/kleiner-ritter-der-unbefleckten.de\/wp-content\/uploads\/2014\/04\/Jesu-Auferstehung-218x300.jpg 218w, https:\/\/kleiner-ritter-der-unbefleckten.de\/wp-content\/uploads\/2014\/04\/Jesu-Auferstehung-745x1024.jpg 745w, https:\/\/kleiner-ritter-der-unbefleckten.de\/wp-content\/uploads\/2014\/04\/Jesu-Auferstehung.jpg 802w\" sizes=\"auto, (max-width: 218px) 100vw, 218px\" \/><\/a><\/span><span style=\"font-size: large;\">&#8222;Als der Sabbat vor\u00fcber war und der Morgen des ersten Wochentages anbrach, kamen Maria Magdalena und die andere Maria, um nach dem Grab zu sehen. Und siehe, es entstand ein gro\u00dfes Erdbeben; denn ein Engel des Herrn stieg vom Himmel herab, trat hinzu, w\u00e4lzte den Stein weg und setzte sich darauf. Sein Aussehen war wie ein Blitz, und sein Gewand war wei\u00df wie Schnee. Aus Furcht vor ihm erbebten die W\u00e4chter und waren wie tot. Der Engel aber wandte sich zu den Frauen und sprach: &#8222;F\u00fcrchtet euch nicht! Ich wei\u00df, ihr sucht Jesus, den Gekreuzigten. Er ist nicht hier; denn er ist auferweckt worden, wie er gesagt hat; kommt und seht den Platz, wo er lag! Geht eilends hin und sagt seinen J\u00fcngern, da\u00df er auferweckt ist von den Toten! Seht, er geht euch voraus nach Galil\u00e4a; dort werdet ihr ihn sehen. Seht, ich habe es euch gesagt.&#8220; Da gingen sie eilends, in Furcht und gro\u00dfer Freude, vom Grabe weg und liefen, um seinen J\u00fcngern die Kunde zu bringen. Und siehe, Jesus kam ihnen entgegen und sprach: &#8222;Seid gegr\u00fc\u00dft!&#8220;&nbsp; Sie traten hinzu, umfa\u00dften seine F\u00fc\u00dfe und beteten ihn an. Da sprach Jesus zu ihnen: &#8222;F\u00fcrchtet euch nicht! Geht hin und bringt meinen Br\u00fcdern die Botschaft, sie sollen nach Galil\u00e4a gehen; dort werden sie mich sehen. <\/span><\/b><span style=\"font-size: large;\"><em>(<a href=\"http:\/\/vulgata.info\/index.php\/Kategorie:Vulgata:NT:Mt28\">Mt 28,1-10<\/a>)&#8220;<!--more--><\/em><\/span><b><\/b><\/p>\n<p style=\"color: #000000; font-family: 'Times New Roman'; font-size: medium; font-style: normal; font-variant: normal; font-weight: normal; letter-spacing: normal; line-height: normal; orphans: auto; text-align: start; text-indent: 0px; text-transform: none; white-space: normal; widows: auto; word-spacing: 0px; -webkit-text-stroke-width: 0px;\"><span style=\"font-size: large;\"><a href=\"https:\/\/kleiner-ritter-der-unbefleckten.de\/wp-content\/uploads\/2014\/04\/Auferstehung-3.jpg\"><img loading=\"lazy\" decoding=\"async\" class=\"size-medium wp-image-642 alignleft\" src=\"https:\/\/kleiner-ritter-der-unbefleckten.de\/wp-content\/uploads\/2014\/04\/Auferstehung-3-234x300.jpg\" alt=\"Auferstehung (3)\" width=\"234\" height=\"300\" srcset=\"https:\/\/kleiner-ritter-der-unbefleckten.de\/wp-content\/uploads\/2014\/04\/Auferstehung-3-234x300.jpg 234w, https:\/\/kleiner-ritter-der-unbefleckten.de\/wp-content\/uploads\/2014\/04\/Auferstehung-3-799x1024.jpg 799w, https:\/\/kleiner-ritter-der-unbefleckten.de\/wp-content\/uploads\/2014\/04\/Auferstehung-3.jpg 1299w\" sizes=\"auto, (max-width: 234px) 100vw, 234px\" \/><\/a>Halleluja! Jesus lebt! Mit dem Tod ist nicht alles vorbei. Erst dann beginnt das wahre Leben. Jesus hat es uns durch seine Auferstehung bewiesen. Habt keine Angst. Jesus ist da. Er ist bei dir. Sagt es allen Menschen. Vor allem all jenen, die verzagt sind, die Angst haben. Verk\u00fcndet ihnen, dass sie an Jesus glauben sollen und dass er nur darauf wartet, dass sie zu ihm beten, damit er sie beschenken kann. Auch wenn alles manchmal dunkel aussieht (wie in einem Grab). Ja, da scheint es manchmal dunkel und aussichtslos. Aber das ist nur in dem Moment. Haltet nicht an den dunklen negativen Gedanken fest, sondern versucht immer wieder in die wahre Freude zu kommen. Diese wahre Freude gibt es nur in Gott. Sucht ihn im Gebet, sch\u00fcttet ihm euer Herz aus. Er wird es auff\u00fcllen mit seiner Liebe, mit seiner G\u00fcte, seinem Vertrauen&#8230;. Probiert es aus!!!<\/span><\/p>\n","protected":false},"excerpt":{"rendered":"<p>&#8222;Als der Sabbat vor\u00fcber war und der Morgen des ersten Wochentages anbrach, kamen Maria Magdalena und die andere Maria, um nach dem Grab zu sehen. Und siehe, es entstand ein gro\u00dfes Erdbeben; denn ein Engel des Herrn stieg vom Himmel &hellip; <a href=\"https:\/\/kleiner-ritter-der-unbefleckten.de\/?p=641\">Weiterlesen <span class=\"meta-nav\">&rarr;<\/span><\/a><\/p>\n","protected":false},"author":3,"featured_media":0,"comment_status":"open","ping_status":"closed","sticky":false,"template":"","format":"standard","meta":{"footnotes":""},"categories":[1,11],"tags":[],"class_list":["post-641","post","type-post","status-publish","format-standard","hentry","category-aktuell","category-neues-testament"],"_links":{"self":[{"href":"https:\/\/kleiner-ritter-der-unbefleckten.de\/index.php?rest_route=\/wp\/v2\/posts\/641","targetHints":{"allow":["GET"]}}],"collection":[{"href":"https:\/\/kleiner-ritter-der-unbefleckten.de\/index.php?rest_route=\/wp\/v2\/posts"}],"about":[{"href":"https:\/\/kleiner-ritter-der-unbefleckten.de\/index.php?rest_route=\/wp\/v2\/types\/post"}],"author":[{"embeddable":true,"href":"https:\/\/kleiner-ritter-der-unbefleckten.de\/index.php?rest_route=\/wp\/v2\/users\/3"}],"replies":[{"embeddable":true,"href":"https:\/\/kleiner-ritter-der-unbefleckten.de\/index.php?rest_route=%2Fwp%2Fv2%2Fcomments&post=641"}],"version-history":[{"count":3,"href":"https:\/\/kleiner-ritter-der-unbefleckten.de\/index.php?rest_route=\/wp\/v2\/posts\/641\/revisions"}],"predecessor-version":[{"id":2415,"href":"https:\/\/kleiner-ritter-der-unbefleckten.de\/index.php?rest_route=\/wp\/v2\/posts\/641\/revisions\/2415"}],"wp:attachment":[{"href":"https:\/\/kleiner-ritter-der-unbefleckten.de\/index.php?rest_route=%2Fwp%2Fv2%2Fmedia&parent=641"}],"wp:term":[{"taxonomy":"category","embeddable":true,"href":"https:\/\/kleiner-ritter-der-unbefleckten.de\/index.php?rest_route=%2Fwp%2Fv2%2Fcategories&post=641"},{"taxonomy":"post_tag","embeddable":true,"href":"https:\/\/kleiner-ritter-der-unbefleckten.de\/index.php?rest_route=%2Fwp%2Fv2%2Ftags&post=641"}],"curies":[{"name":"wp","href":"https:\/\/api.w.org\/{rel}","templated":true}]}}