{"id":704,"date":"2022-04-24T00:00:00","date_gmt":"2022-04-24T00:00:00","guid":{"rendered":"http:\/\/apostolatsgemeinschaft.eu\/kl-ritter?p=704"},"modified":"2022-02-08T16:35:55","modified_gmt":"2022-02-08T16:35:55","slug":"jesus-erscheint-den-juengern","status":"publish","type":"post","link":"https:\/\/kleiner-ritter-der-unbefleckten.de\/?p=704","title":{"rendered":"Jesus erscheint den J\u00fcngern"},"content":{"rendered":"<p><a href=\"https:\/\/kleiner-ritter-der-unbefleckten.de\/wp-content\/uploads\/2014\/04\/1.jpg\"><img loading=\"lazy\" decoding=\"async\" class=\"alignleft wp-image-712 \" src=\"https:\/\/kleiner-ritter-der-unbefleckten.de\/wp-content\/uploads\/2014\/04\/1-298x300.jpg\" alt=\"1\" width=\"224\" height=\"226\" srcset=\"https:\/\/kleiner-ritter-der-unbefleckten.de\/wp-content\/uploads\/2014\/04\/1-298x300.jpg 298w, https:\/\/kleiner-ritter-der-unbefleckten.de\/wp-content\/uploads\/2014\/04\/1-150x150.jpg 150w, https:\/\/kleiner-ritter-der-unbefleckten.de\/wp-content\/uploads\/2014\/04\/1.jpg 816w\" sizes=\"auto, (max-width: 224px) 100vw, 224px\" \/><\/a>&#8222;Als es nun Abend war an jenem ersten Wochentag und die T\u00fcren dort, wo die J\u00fcnger sich aufhielten, aus Furcht vor den Juden verschlossen waren, kam Jesus, trat in ihre Mitte und sprach zu ihnen: &#8222;Friede sei euch!&#8220; Nach diesen Worten zeigte er ihnen die H\u00e4nde und die Seite. Da freuten sich die J\u00fcnger, als sie den Herrn sahen. Nochmals sprach Jesus zu ihnen: &#8222;Friede sei euch! Wie mich der Vater gesandt hat, so sende ich auch euch.&#8220; Nach diesen Worten hauchte er sie an und sprach zu ihnen: &#8222;Empfangt den Heiligen Geist! Deren S\u00fcnden ihr nachla\u00dft, denen sind sie nachgelassen; deren S\u00fcnden ihr behaltet, denen sind sie behalten.&#8220;<\/p>\n<p>Thomas aber, einer von den Zw\u00f6lfen, genannt Didymus, war nicht bei ihnen, als Jesus kam. Die anderen J\u00fcnger sagten nun zu ihm: &#8222;Wir haben den Herrn gesehen!&#8220; Er aber sagte zu ihnen: &#8222;Wenn ich nicht an seinen H\u00e4nden das Mal der N\u00e4gel sehe und nicht meinen Finger an das Mal der N\u00e4gel und meine Hand in seine Seite lege, glaube ich es nicht.&#8220;<\/p>\n<p>Acht Tage darauf waren seine J\u00fcnger wieder drinnen im Hause und Thomas mit ihnen. Da kam Jesus bei verschlossenen T\u00fcren,<\/p>\n<p style=\"text-align: center;\"><a href=\"https:\/\/kleiner-ritter-der-unbefleckten.de\/wp-content\/uploads\/2021\/04\/20210404_093329.jpg\"><img loading=\"lazy\" decoding=\"async\" class=\"alignnone  wp-image-2990\" src=\"https:\/\/kleiner-ritter-der-unbefleckten.de\/wp-content\/uploads\/2021\/04\/20210404_093329-867x1024.jpg\" alt=\"\" width=\"233\" height=\"275\" srcset=\"https:\/\/kleiner-ritter-der-unbefleckten.de\/wp-content\/uploads\/2021\/04\/20210404_093329-867x1024.jpg 867w, https:\/\/kleiner-ritter-der-unbefleckten.de\/wp-content\/uploads\/2021\/04\/20210404_093329-254x300.jpg 254w, https:\/\/kleiner-ritter-der-unbefleckten.de\/wp-content\/uploads\/2021\/04\/20210404_093329-768x907.jpg 768w, https:\/\/kleiner-ritter-der-unbefleckten.de\/wp-content\/uploads\/2021\/04\/20210404_093329-1300x1536.jpg 1300w, https:\/\/kleiner-ritter-der-unbefleckten.de\/wp-content\/uploads\/2021\/04\/20210404_093329-1734x2048.jpg 1734w, https:\/\/kleiner-ritter-der-unbefleckten.de\/wp-content\/uploads\/2021\/04\/20210404_093329.jpg 1960w\" sizes=\"auto, (max-width: 233px) 100vw, 233px\" \/><\/a> <a href=\"https:\/\/kleiner-ritter-der-unbefleckten.de\/wp-content\/uploads\/2021\/04\/20210404_093436-scaled.jpg\"><img loading=\"lazy\" decoding=\"async\" class=\"alignnone  wp-image-2991\" src=\"https:\/\/kleiner-ritter-der-unbefleckten.de\/wp-content\/uploads\/2021\/04\/20210404_093436-691x1024.jpg\" alt=\"\" width=\"185\" height=\"274\" srcset=\"https:\/\/kleiner-ritter-der-unbefleckten.de\/wp-content\/uploads\/2021\/04\/20210404_093436-691x1024.jpg 691w, https:\/\/kleiner-ritter-der-unbefleckten.de\/wp-content\/uploads\/2021\/04\/20210404_093436-203x300.jpg 203w, https:\/\/kleiner-ritter-der-unbefleckten.de\/wp-content\/uploads\/2021\/04\/20210404_093436-768x1138.jpg 768w, https:\/\/kleiner-ritter-der-unbefleckten.de\/wp-content\/uploads\/2021\/04\/20210404_093436-1037x1536.jpg 1037w, https:\/\/kleiner-ritter-der-unbefleckten.de\/wp-content\/uploads\/2021\/04\/20210404_093436-1383x2048.jpg 1383w, https:\/\/kleiner-ritter-der-unbefleckten.de\/wp-content\/uploads\/2021\/04\/20210404_093436-scaled.jpg 1728w\" sizes=\"auto, (max-width: 185px) 100vw, 185px\" \/> <\/a><a href=\"https:\/\/kleiner-ritter-der-unbefleckten.de\/wp-content\/uploads\/2021\/04\/20210404_093509-scaled.jpg\"><img loading=\"lazy\" decoding=\"async\" class=\"alignnone  wp-image-2992\" src=\"https:\/\/kleiner-ritter-der-unbefleckten.de\/wp-content\/uploads\/2021\/04\/20210404_093509-614x1024.jpg\" alt=\"\" width=\"163\" height=\"272\" srcset=\"https:\/\/kleiner-ritter-der-unbefleckten.de\/wp-content\/uploads\/2021\/04\/20210404_093509-614x1024.jpg 614w, https:\/\/kleiner-ritter-der-unbefleckten.de\/wp-content\/uploads\/2021\/04\/20210404_093509-180x300.jpg 180w, https:\/\/kleiner-ritter-der-unbefleckten.de\/wp-content\/uploads\/2021\/04\/20210404_093509-768x1281.jpg 768w, https:\/\/kleiner-ritter-der-unbefleckten.de\/wp-content\/uploads\/2021\/04\/20210404_093509-921x1536.jpg 921w, https:\/\/kleiner-ritter-der-unbefleckten.de\/wp-content\/uploads\/2021\/04\/20210404_093509-1228x2048.jpg 1228w, https:\/\/kleiner-ritter-der-unbefleckten.de\/wp-content\/uploads\/2021\/04\/20210404_093509-scaled.jpg 1535w\" sizes=\"auto, (max-width: 163px) 100vw, 163px\" \/><\/a><\/p>\n<p style=\"text-align: center;\"><a href=\"https:\/\/kleiner-ritter-der-unbefleckten.de\/wp-content\/uploads\/2021\/04\/20210404_093609-scaled.jpg\"><img loading=\"lazy\" decoding=\"async\" class=\"wp-image-2994 alignleft\" src=\"https:\/\/kleiner-ritter-der-unbefleckten.de\/wp-content\/uploads\/2021\/04\/20210404_093609-645x1024.jpg\" alt=\"\" width=\"184\" height=\"292\" srcset=\"https:\/\/kleiner-ritter-der-unbefleckten.de\/wp-content\/uploads\/2021\/04\/20210404_093609-645x1024.jpg 645w, https:\/\/kleiner-ritter-der-unbefleckten.de\/wp-content\/uploads\/2021\/04\/20210404_093609-189x300.jpg 189w, https:\/\/kleiner-ritter-der-unbefleckten.de\/wp-content\/uploads\/2021\/04\/20210404_093609-768x1219.jpg 768w, https:\/\/kleiner-ritter-der-unbefleckten.de\/wp-content\/uploads\/2021\/04\/20210404_093609-968x1536.jpg 968w, https:\/\/kleiner-ritter-der-unbefleckten.de\/wp-content\/uploads\/2021\/04\/20210404_093609-1291x2048.jpg 1291w, https:\/\/kleiner-ritter-der-unbefleckten.de\/wp-content\/uploads\/2021\/04\/20210404_093609-scaled.jpg 1613w\" sizes=\"auto, (max-width: 184px) 100vw, 184px\" \/><\/a><\/p>\n<p style=\"text-align: center;\">trat in ihre Mitte und sprach: &#8222;Friede sei euch!&#8220; Dann sprach er zu Thomas: &#8222;Reiche deinen Finger her und sieh meine H\u00e4nde und reiche deine Hand und lege sie in meine Seite und sei nicht ungl\u00e4ubig, sondern gl\u00e4ubig!&#8220;<\/p>\n<p><a href=\"https:\/\/kleiner-ritter-der-unbefleckten.de\/wp-content\/uploads\/2021\/04\/20210404_093631-scaled.jpg\"><img loading=\"lazy\" decoding=\"async\" class=\"wp-image-2995 alignright\" src=\"https:\/\/kleiner-ritter-der-unbefleckten.de\/wp-content\/uploads\/2021\/04\/20210404_093631-589x1024.jpg\" alt=\"\" width=\"155\" height=\"269\" srcset=\"https:\/\/kleiner-ritter-der-unbefleckten.de\/wp-content\/uploads\/2021\/04\/20210404_093631-589x1024.jpg 589w, https:\/\/kleiner-ritter-der-unbefleckten.de\/wp-content\/uploads\/2021\/04\/20210404_093631-173x300.jpg 173w, https:\/\/kleiner-ritter-der-unbefleckten.de\/wp-content\/uploads\/2021\/04\/20210404_093631-768x1334.jpg 768w, https:\/\/kleiner-ritter-der-unbefleckten.de\/wp-content\/uploads\/2021\/04\/20210404_093631-884x1536.jpg 884w, https:\/\/kleiner-ritter-der-unbefleckten.de\/wp-content\/uploads\/2021\/04\/20210404_093631-1179x2048.jpg 1179w, https:\/\/kleiner-ritter-der-unbefleckten.de\/wp-content\/uploads\/2021\/04\/20210404_093631-scaled.jpg 1474w\" sizes=\"auto, (max-width: 155px) 100vw, 155px\" \/><\/a><\/p>\n<p style=\"text-align: center;\">Thomas antwortete ihm:<br \/>\n&#8222;<strong>Mein Herr und mein Gott<\/strong>!&#8220;<br \/>\nJesus sprach zu ihm:<br \/>\n&#8222;Weil du mich gesehen hast, hast du geglaubt; selig, die nicht sahen und doch glaubten. (<a href=\"http:\/\/vulgata.info\/index.php\/Kategorie:Vulgata:NT:Joh20\"><em>Joh 20, 19-29<\/em><\/a>) <!--more--><\/p>\n<p>Geht es uns nicht auch manchmal wie Thomas? Jesus ist bei uns, doch wir erkennen ihn nicht. Wir fordern ihn heraus und sagen: &#8222;Jesus, wenn du nicht dieses oder jenes tust, dann glaube ich dir nicht.&#8220; Und Jesus, er liebt uns trotzdem. Manchmal scheint es so, als w\u00e4re er ganz weit weg. Was machst Du in so einem Augenblick? Bist Du entmutigt? Oder betest Du trotzdem und rufst ihn an?<\/p>\n<p>Egal, wie es Dir geht, Jesus h\u00f6rt Dich. Lass Dich also nicht entmutigen. Sprich mit ihm. Er ist da. Und dann, irgendwann sp\u00fcrst Du es wieder und dann kannst Du wie Thomas nur noch sagen: &#8222;Mein Herr und mein Gott.&#8220; Denn er hat alles in der Hand und er lenkt alles so, wie es f\u00fcr Dich am besten ist. Auch wenn Du die Wege manchmal nicht verstehst und zweifelst.<\/p>\n","protected":false},"excerpt":{"rendered":"<p>&#8222;Als es nun Abend war an jenem ersten Wochentag und die T\u00fcren dort, wo die J\u00fcnger sich aufhielten, aus Furcht vor den Juden verschlossen waren, kam Jesus, trat in ihre Mitte und sprach zu ihnen: &#8222;Friede sei euch!&#8220; Nach diesen &hellip; <a href=\"https:\/\/kleiner-ritter-der-unbefleckten.de\/?p=704\">Weiterlesen <span class=\"meta-nav\">&rarr;<\/span><\/a><\/p>\n","protected":false},"author":3,"featured_media":0,"comment_status":"open","ping_status":"closed","sticky":false,"template":"","format":"standard","meta":{"footnotes":""},"categories":[1,11],"tags":[],"class_list":["post-704","post","type-post","status-publish","format-standard","hentry","category-aktuell","category-neues-testament"],"_links":{"self":[{"href":"https:\/\/kleiner-ritter-der-unbefleckten.de\/index.php?rest_route=\/wp\/v2\/posts\/704","targetHints":{"allow":["GET"]}}],"collection":[{"href":"https:\/\/kleiner-ritter-der-unbefleckten.de\/index.php?rest_route=\/wp\/v2\/posts"}],"about":[{"href":"https:\/\/kleiner-ritter-der-unbefleckten.de\/index.php?rest_route=\/wp\/v2\/types\/post"}],"author":[{"embeddable":true,"href":"https:\/\/kleiner-ritter-der-unbefleckten.de\/index.php?rest_route=\/wp\/v2\/users\/3"}],"replies":[{"embeddable":true,"href":"https:\/\/kleiner-ritter-der-unbefleckten.de\/index.php?rest_route=%2Fwp%2Fv2%2Fcomments&post=704"}],"version-history":[{"count":9,"href":"https:\/\/kleiner-ritter-der-unbefleckten.de\/index.php?rest_route=\/wp\/v2\/posts\/704\/revisions"}],"predecessor-version":[{"id":3174,"href":"https:\/\/kleiner-ritter-der-unbefleckten.de\/index.php?rest_route=\/wp\/v2\/posts\/704\/revisions\/3174"}],"wp:attachment":[{"href":"https:\/\/kleiner-ritter-der-unbefleckten.de\/index.php?rest_route=%2Fwp%2Fv2%2Fmedia&parent=704"}],"wp:term":[{"taxonomy":"category","embeddable":true,"href":"https:\/\/kleiner-ritter-der-unbefleckten.de\/index.php?rest_route=%2Fwp%2Fv2%2Fcategories&post=704"},{"taxonomy":"post_tag","embeddable":true,"href":"https:\/\/kleiner-ritter-der-unbefleckten.de\/index.php?rest_route=%2Fwp%2Fv2%2Ftags&post=704"}],"curies":[{"name":"wp","href":"https:\/\/api.w.org\/{rel}","templated":true}]}}