{"id":720,"date":"2026-04-08T00:00:00","date_gmt":"2026-04-07T22:00:00","guid":{"rendered":"http:\/\/kleiner-ritter-der-unbefleckten.de\/?p=720"},"modified":"2026-02-28T10:49:15","modified_gmt":"2026-02-28T09:49:15","slug":"silber-und-gold-hab-ich-nicht","status":"publish","type":"post","link":"https:\/\/kleiner-ritter-der-unbefleckten.de\/?p=720","title":{"rendered":"Silber und Gold hab ich nicht&#8230;"},"content":{"rendered":"<p><a href=\"https:\/\/kleiner-ritter-der-unbefleckten.de\/wp-content\/uploads\/2014\/06\/Petrus.jpg\"><img loading=\"lazy\" decoding=\"async\" class=\"alignleft wp-image-771\" src=\"https:\/\/kleiner-ritter-der-unbefleckten.de\/wp-content\/uploads\/2014\/06\/Petrus-257x300.jpg\" alt=\"Petrus\" width=\"212\" height=\"247\" srcset=\"https:\/\/kleiner-ritter-der-unbefleckten.de\/wp-content\/uploads\/2014\/06\/Petrus-257x300.jpg 257w, https:\/\/kleiner-ritter-der-unbefleckten.de\/wp-content\/uploads\/2014\/06\/Petrus.jpg 311w\" sizes=\"auto, (max-width: 212px) 100vw, 212px\" \/><\/a>&#8222;Petrus und Johannes gingen um die neunte Stunde, zur Zeit des Gebetes, hinauf in den Tempel. Da wurde ein Mann herbeigetragen, der gel\u00e4hmt war vom Scho\u00df seiner Mutter an; den setzten sie t\u00e4glich an die sogenannte Sch\u00f6ne Pforte, da\u00df er Almosen erbettle von den Besuchern des Tempels. Als er Petrus und Johannes sah, wie sie gerade in den Tempel hineingehen wollten, bat er sie um ein Almosen. Petrus blickte zusammen mit Johannes ihn an und sprach: &#8222;Sieh uns an!&#8220; Er richtete seinen Blick auf sie und hoffte, etwas von ihnen zu erhalten. Petrus aber sprach: &#8222;Silber und Gold habe ich nicht, doch was ich habe, das gebe ich dir. Im Namen Jesu Christi, des Nazor\u00e4ers, steh auf und geh umher!&#8220; Und er fa\u00dfte ihn bei der rechten Hand und richtete ihn auf; da kam pl\u00f6tzlich Kraft in seine F\u00fc\u00dfe und Kn\u00f6chel, er sprang auf und konnte stehen und gehen, ging mit ihnen in den Tempel hinein, lief und sprang dabei umher und lobte Gott. Alles Volk sah ihn umhergehen und Gott loben, und als sie ihn als den erkannten, der des Almosens wegen an der Sch\u00f6nen Pforte des Tempels gesessen hatte, erfasste sie staunende Erregung \u00fcber das, was mit ihm geschehen war (<a href=\"http:\/\/vulgata.info\/index.php\/Kategorie:Vulgata:NT:Apg03\"><em>Apg 3,1-10<\/em><\/a>).&#8220; <!--more--><\/p>\n<p>Stellt euch diesen Gel\u00e4hmten vor: Er sitzt dort und hofft nun auf Geld, da er aufgrund seiner Behinderung nicht arbeiten kann. Er wei\u00df, dass er nie gehen kann. Aber Petrus sagt zu ihm: &#8222;Ich habe kein Geld.&#8220; Was f\u00fcr eine Entt\u00e4uschung. Doch dann schenkt Petrus ihm im Namen Jesu die Gesundheit. Er kann gehen &#8211; das konnte er noch nie. Die Freude war riesengro\u00df.<\/p>\n<p>Wie oft begegnen wir Menschen, die Hilfe ben\u00f6tigen. Sie sind traurig, sind alt, sind m\u00fcde oder krank&#8230; Gehen wir immer wieder auf diese Menschen zu und helfen bzw. tr\u00f6sten sie und segnen sie. Es wird f\u00fcr die Menschen wie auch f\u00fcr dich eine gro\u00dfe Freude sein. Du mu\u00dft keine gro\u00dfen Werke verrichten. Fange bei den kleinen allt\u00e4glichen Sachen an und \u00fcbe sie best\u00e4ndig. Du wirst dann Gottes Gegenwart sp\u00fcren.<\/p>\n","protected":false},"excerpt":{"rendered":"<p>&#8222;Petrus und Johannes gingen um die neunte Stunde, zur Zeit des Gebetes, hinauf in den Tempel. Da wurde ein Mann herbeigetragen, der gel\u00e4hmt war vom Scho\u00df seiner Mutter an; den setzten sie t\u00e4glich an die sogenannte Sch\u00f6ne Pforte, da\u00df er &hellip; <a href=\"https:\/\/kleiner-ritter-der-unbefleckten.de\/?p=720\">Weiterlesen <span class=\"meta-nav\">&rarr;<\/span><\/a><\/p>\n","protected":false},"author":3,"featured_media":0,"comment_status":"open","ping_status":"closed","sticky":false,"template":"","format":"standard","meta":{"footnotes":""},"categories":[1,11],"tags":[],"class_list":["post-720","post","type-post","status-publish","format-standard","hentry","category-aktuell","category-neues-testament"],"_links":{"self":[{"href":"https:\/\/kleiner-ritter-der-unbefleckten.de\/index.php?rest_route=\/wp\/v2\/posts\/720","targetHints":{"allow":["GET"]}}],"collection":[{"href":"https:\/\/kleiner-ritter-der-unbefleckten.de\/index.php?rest_route=\/wp\/v2\/posts"}],"about":[{"href":"https:\/\/kleiner-ritter-der-unbefleckten.de\/index.php?rest_route=\/wp\/v2\/types\/post"}],"author":[{"embeddable":true,"href":"https:\/\/kleiner-ritter-der-unbefleckten.de\/index.php?rest_route=\/wp\/v2\/users\/3"}],"replies":[{"embeddable":true,"href":"https:\/\/kleiner-ritter-der-unbefleckten.de\/index.php?rest_route=%2Fwp%2Fv2%2Fcomments&post=720"}],"version-history":[{"count":3,"href":"https:\/\/kleiner-ritter-der-unbefleckten.de\/index.php?rest_route=\/wp\/v2\/posts\/720\/revisions"}],"predecessor-version":[{"id":2419,"href":"https:\/\/kleiner-ritter-der-unbefleckten.de\/index.php?rest_route=\/wp\/v2\/posts\/720\/revisions\/2419"}],"wp:attachment":[{"href":"https:\/\/kleiner-ritter-der-unbefleckten.de\/index.php?rest_route=%2Fwp%2Fv2%2Fmedia&parent=720"}],"wp:term":[{"taxonomy":"category","embeddable":true,"href":"https:\/\/kleiner-ritter-der-unbefleckten.de\/index.php?rest_route=%2Fwp%2Fv2%2Fcategories&post=720"},{"taxonomy":"post_tag","embeddable":true,"href":"https:\/\/kleiner-ritter-der-unbefleckten.de\/index.php?rest_route=%2Fwp%2Fv2%2Ftags&post=720"}],"curies":[{"name":"wp","href":"https:\/\/api.w.org\/{rel}","templated":true}]}}