{"id":722,"date":"2026-05-01T00:00:00","date_gmt":"2026-04-30T22:00:00","guid":{"rendered":"http:\/\/kleiner-ritter-der-unbefleckten.de\/?p=722"},"modified":"2026-03-24T08:30:24","modified_gmt":"2026-03-24T07:30:24","slug":"mai-marienmonat","status":"publish","type":"post","link":"https:\/\/kleiner-ritter-der-unbefleckten.de\/?p=722","title":{"rendered":"Mai = Marienmonat"},"content":{"rendered":"<p>Im Mai werden viele Maiandachten gehalten.<\/p>\n<p>Vielleicht machst Du Dir auch ein sch\u00f6nes Marienbild und schm\u00fcckst es noch mit Blumen oder was Dir sch\u00f6nes einf\u00e4llt. Dann nimm Dir doch jeden Tag etwas Zeit, um mit Maria Dein JA zu sagen. Welches Ja fragst Du jetzt? Ganz einfach das Ja zu Gottes Willen. Gott \u00fcberrascht uns Memschen immer wieder, doch oft haben wir unsere Ohren verstopft. Maria hat dem Engel, als er ihr die Geburt Jesu verk\u00fcndet hat, gesagt: &#8222;Mir geschehe nach deinem Wort.&#8220; Obwohl die Geburt eigentlich unm\u00f6glich war. Denn sie war doch schlie\u00dflich nicht verheiratet und lebte rein. Sie wu\u00dfte, dass f\u00fcr Gott nichts unm\u00f6glich ist und stellte sich ihm zur Verf\u00fcgung. Und Gott wirkte so Gro\u00dfes!<\/p>\n<p>Beten wir also mit Maria zu Gott.<\/p>\n<p>Gerne ver\u00f6ffentlichen wir auch Deine Bilder, Maiandachten&#8230;. hier.<\/p>\n<p><a href=\"https:\/\/kleiner-ritter-der-unbefleckten.de\/wp-content\/uploads\/2014\/05\/WIN_20140501_175746-2.jpg\"><img loading=\"lazy\" decoding=\"async\" class=\"alignnone wp-image-723\" src=\"https:\/\/kleiner-ritter-der-unbefleckten.de\/wp-content\/uploads\/2014\/05\/WIN_20140501_175746-2-300x244.jpg\" alt=\"WIN_20140501_175746 (2)\" width=\"189\" height=\"154\" srcset=\"https:\/\/kleiner-ritter-der-unbefleckten.de\/wp-content\/uploads\/2014\/05\/WIN_20140501_175746-2-300x244.jpg 300w, https:\/\/kleiner-ritter-der-unbefleckten.de\/wp-content\/uploads\/2014\/05\/WIN_20140501_175746-2.jpg 572w\" sizes=\"auto, (max-width: 189px) 100vw, 189px\" \/><\/a> <a href=\"https:\/\/kleiner-ritter-der-unbefleckten.de\/wp-content\/uploads\/2014\/05\/WIN_20140501_175956-2.jpg\"><img loading=\"lazy\" decoding=\"async\" class=\"alignnone wp-image-724\" src=\"https:\/\/kleiner-ritter-der-unbefleckten.de\/wp-content\/uploads\/2014\/05\/WIN_20140501_175956-2-266x300.jpg\" alt=\"WIN_20140501_175956 (2)\" width=\"202\" height=\"228\" srcset=\"https:\/\/kleiner-ritter-der-unbefleckten.de\/wp-content\/uploads\/2014\/05\/WIN_20140501_175956-2-266x300.jpg 266w, https:\/\/kleiner-ritter-der-unbefleckten.de\/wp-content\/uploads\/2014\/05\/WIN_20140501_175956-2.jpg 598w\" sizes=\"auto, (max-width: 202px) 100vw, 202px\" \/><\/a> <a href=\"https:\/\/kleiner-ritter-der-unbefleckten.de\/wp-content\/uploads\/2013\/10\/DSCN0006-e1380619315996.jpg\"><img loading=\"lazy\" decoding=\"async\" class=\"alignnone wp-image-132\" src=\"https:\/\/kleiner-ritter-der-unbefleckten.de\/wp-content\/uploads\/2013\/10\/DSCN0006-e1380619315996-225x300.jpg\" alt=\"DSCN0006\" width=\"143\" height=\"191\" srcset=\"https:\/\/kleiner-ritter-der-unbefleckten.de\/wp-content\/uploads\/2013\/10\/DSCN0006-e1380619315996-225x300.jpg 225w, https:\/\/kleiner-ritter-der-unbefleckten.de\/wp-content\/uploads\/2013\/10\/DSCN0006-e1380619315996-768x1024.jpg 768w, https:\/\/kleiner-ritter-der-unbefleckten.de\/wp-content\/uploads\/2013\/10\/DSCN0006-e1380619315996.jpg 1200w\" sizes=\"auto, (max-width: 143px) 100vw, 143px\" \/><\/a><\/p>\n<p><a href=\"https:\/\/kleiner-ritter-der-unbefleckten.de\/wp-content\/uploads\/2018\/05\/IMG_20190404_145110.jpg\"><img loading=\"lazy\" decoding=\"async\" class=\"wp-image-2446 aligncenter\" src=\"https:\/\/kleiner-ritter-der-unbefleckten.de\/wp-content\/uploads\/2018\/05\/IMG_20190404_145110-575x1024.jpg\" alt=\"\" width=\"233\" height=\"415\" srcset=\"https:\/\/kleiner-ritter-der-unbefleckten.de\/wp-content\/uploads\/2018\/05\/IMG_20190404_145110-575x1024.jpg 575w, https:\/\/kleiner-ritter-der-unbefleckten.de\/wp-content\/uploads\/2018\/05\/IMG_20190404_145110-168x300.jpg 168w, https:\/\/kleiner-ritter-der-unbefleckten.de\/wp-content\/uploads\/2018\/05\/IMG_20190404_145110-768x1368.jpg 768w\" sizes=\"auto, (max-width: 233px) 100vw, 233px\" \/><\/a><\/p>\n","protected":false},"excerpt":{"rendered":"<p>Im Mai werden viele Maiandachten gehalten. Vielleicht machst Du Dir auch ein sch\u00f6nes Marienbild und schm\u00fcckst es noch mit Blumen oder was Dir sch\u00f6nes einf\u00e4llt. Dann nimm Dir doch jeden Tag etwas Zeit, um mit Maria Dein JA zu sagen. &hellip; <a href=\"https:\/\/kleiner-ritter-der-unbefleckten.de\/?p=722\">Weiterlesen <span class=\"meta-nav\">&rarr;<\/span><\/a><\/p>\n","protected":false},"author":3,"featured_media":0,"comment_status":"open","ping_status":"closed","sticky":false,"template":"","format":"standard","meta":{"footnotes":""},"categories":[1,20],"tags":[],"class_list":["post-722","post","type-post","status-publish","format-standard","hentry","category-aktuell","category-muttergottes"],"_links":{"self":[{"href":"https:\/\/kleiner-ritter-der-unbefleckten.de\/index.php?rest_route=\/wp\/v2\/posts\/722","targetHints":{"allow":["GET"]}}],"collection":[{"href":"https:\/\/kleiner-ritter-der-unbefleckten.de\/index.php?rest_route=\/wp\/v2\/posts"}],"about":[{"href":"https:\/\/kleiner-ritter-der-unbefleckten.de\/index.php?rest_route=\/wp\/v2\/types\/post"}],"author":[{"embeddable":true,"href":"https:\/\/kleiner-ritter-der-unbefleckten.de\/index.php?rest_route=\/wp\/v2\/users\/3"}],"replies":[{"embeddable":true,"href":"https:\/\/kleiner-ritter-der-unbefleckten.de\/index.php?rest_route=%2Fwp%2Fv2%2Fcomments&post=722"}],"version-history":[{"count":5,"href":"https:\/\/kleiner-ritter-der-unbefleckten.de\/index.php?rest_route=\/wp\/v2\/posts\/722\/revisions"}],"predecessor-version":[{"id":2711,"href":"https:\/\/kleiner-ritter-der-unbefleckten.de\/index.php?rest_route=\/wp\/v2\/posts\/722\/revisions\/2711"}],"wp:attachment":[{"href":"https:\/\/kleiner-ritter-der-unbefleckten.de\/index.php?rest_route=%2Fwp%2Fv2%2Fmedia&parent=722"}],"wp:term":[{"taxonomy":"category","embeddable":true,"href":"https:\/\/kleiner-ritter-der-unbefleckten.de\/index.php?rest_route=%2Fwp%2Fv2%2Fcategories&post=722"},{"taxonomy":"post_tag","embeddable":true,"href":"https:\/\/kleiner-ritter-der-unbefleckten.de\/index.php?rest_route=%2Fwp%2Fv2%2Ftags&post=722"}],"curies":[{"name":"wp","href":"https:\/\/api.w.org\/{rel}","templated":true}]}}