{"id":766,"date":"2026-05-01T00:00:00","date_gmt":"2026-04-30T22:00:00","guid":{"rendered":"http:\/\/kleiner-ritter-der-unbefleckten.de\/?p=766"},"modified":"2026-04-09T09:58:09","modified_gmt":"2026-04-09T07:58:09","slug":"gott-schaut-auf-uns","status":"publish","type":"post","link":"https:\/\/kleiner-ritter-der-unbefleckten.de\/?p=766","title":{"rendered":"Gott schaut auf uns"},"content":{"rendered":"<p>Ein 3-j\u00e4hriges M\u00e4dchen malte folgendes Bild:<\/p>\n<p><a href=\"https:\/\/kleiner-ritter-der-unbefleckten.de\/wp-content\/uploads\/2014\/05\/Maedchen-3-Jahre-Bild-2.jpg\"><img loading=\"lazy\" decoding=\"async\" class=\"alignleft wp-image-767 size-medium\" src=\"https:\/\/kleiner-ritter-der-unbefleckten.de\/wp-content\/uploads\/2014\/05\/Maedchen-3-Jahre-Bild-2-239x300.jpg\" alt=\"Maedchen-3-Jahre-Bild (2)\" width=\"239\" height=\"300\" srcset=\"https:\/\/kleiner-ritter-der-unbefleckten.de\/wp-content\/uploads\/2014\/05\/Maedchen-3-Jahre-Bild-2-239x300.jpg 239w, https:\/\/kleiner-ritter-der-unbefleckten.de\/wp-content\/uploads\/2014\/05\/Maedchen-3-Jahre-Bild-2.jpg 548w\" sizes=\"auto, (max-width: 239px) 100vw, 239px\" \/><\/a>Und erkennst Du, was sie da gemalt hat?<\/p>\n<p>Sie erkl\u00e4rte das Bild so:<\/p>\n<p>&#8222;Das ist doch klar: das ist Gott<\/p>\n<p>und oben siehst Du die Fenster,<\/p>\n<p>wo er zu jeden hinschaut.&#8220;<\/p>\n<p>Doch wie ist das mit Gott? <!--more--><\/p>\n<p>So einfach wie auf dem Bild ist f\u00fcr unsere &#8222;Kleinen&#8220; die Sicht von Gott.&nbsp; Doch je \u00e4lter wir werden, desto mehr setzen wir uns mit Gott, mit dem Himmel, ja mit unserem Glauben auseinander.<\/p>\n<p>Am ersten Sonntag nach Pfingsten ist so ein Tag, an dem wir auch zum Nachdenken kommen k\u00f6nnen. Es handelt sich um den Dreifaltigkeitssonntag.<\/p>\n<p>In Gott sind drei Personen: der Vater, der Sohn und der Heilige Geist.<\/p>\n<p>Gott Vater hat uns erschaffen, Gott Sohn hat uns erl\u00f6st, Gott Heiliger Geist heiligt uns. Und so nennen wir die drei g\u00f6ttlichen Personen zusammen die Allerheiligste Dreifaltigkeit.<\/p>\n<p>Kennst Du ein Gebet, wo Du besonders zur Allerheiligsten Dreifaltigkeit betest?<\/p>\n<p>Richtig: Du ehrst die Allerheiligste Dreifaltigkeit besonders durch das Kreuzzeichen, indem Du sprichst:<\/p>\n<p>Im Namen des Vaters und des Sohnes und des Heiligen Geistes. Amen.<\/p>\n<p>Und bestimmt kennst Du auch dieses Gebet:<\/p>\n<p>Ehre sei dem Vater und dem Sohn und dem Heiligen Geist, wie im Anfang, so auch jetzt und allezeit und in Ewigkeit! Amen.<\/p>\n<p>&nbsp;<\/p>\n<p>&nbsp;<\/p>\n<p>&nbsp;<\/p>\n","protected":false},"excerpt":{"rendered":"<p>Ein 3-j\u00e4hriges M\u00e4dchen malte folgendes Bild: Und erkennst Du, was sie da gemalt hat? Sie erkl\u00e4rte das Bild so: &#8222;Das ist doch klar: das ist Gott und oben siehst Du die Fenster, wo er zu jeden hinschaut.&#8220; Doch wie ist &hellip; <a href=\"https:\/\/kleiner-ritter-der-unbefleckten.de\/?p=766\">Weiterlesen <span class=\"meta-nav\">&rarr;<\/span><\/a><\/p>\n","protected":false},"author":3,"featured_media":0,"comment_status":"open","ping_status":"closed","sticky":false,"template":"","format":"standard","meta":{"footnotes":""},"categories":[1],"tags":[],"class_list":["post-766","post","type-post","status-publish","format-standard","hentry","category-aktuell"],"_links":{"self":[{"href":"https:\/\/kleiner-ritter-der-unbefleckten.de\/index.php?rest_route=\/wp\/v2\/posts\/766","targetHints":{"allow":["GET"]}}],"collection":[{"href":"https:\/\/kleiner-ritter-der-unbefleckten.de\/index.php?rest_route=\/wp\/v2\/posts"}],"about":[{"href":"https:\/\/kleiner-ritter-der-unbefleckten.de\/index.php?rest_route=\/wp\/v2\/types\/post"}],"author":[{"embeddable":true,"href":"https:\/\/kleiner-ritter-der-unbefleckten.de\/index.php?rest_route=\/wp\/v2\/users\/3"}],"replies":[{"embeddable":true,"href":"https:\/\/kleiner-ritter-der-unbefleckten.de\/index.php?rest_route=%2Fwp%2Fv2%2Fcomments&post=766"}],"version-history":[{"count":4,"href":"https:\/\/kleiner-ritter-der-unbefleckten.de\/index.php?rest_route=\/wp\/v2\/posts\/766\/revisions"}],"predecessor-version":[{"id":2441,"href":"https:\/\/kleiner-ritter-der-unbefleckten.de\/index.php?rest_route=\/wp\/v2\/posts\/766\/revisions\/2441"}],"wp:attachment":[{"href":"https:\/\/kleiner-ritter-der-unbefleckten.de\/index.php?rest_route=%2Fwp%2Fv2%2Fmedia&parent=766"}],"wp:term":[{"taxonomy":"category","embeddable":true,"href":"https:\/\/kleiner-ritter-der-unbefleckten.de\/index.php?rest_route=%2Fwp%2Fv2%2Fcategories&post=766"},{"taxonomy":"post_tag","embeddable":true,"href":"https:\/\/kleiner-ritter-der-unbefleckten.de\/index.php?rest_route=%2Fwp%2Fv2%2Ftags&post=766"}],"curies":[{"name":"wp","href":"https:\/\/api.w.org\/{rel}","templated":true}]}}