{"id":879,"date":"2025-08-15T00:00:00","date_gmt":"2025-08-14T22:00:00","guid":{"rendered":"http:\/\/kleiner-ritter-der-unbefleckten.de\/?p=879"},"modified":"2025-08-15T08:30:28","modified_gmt":"2025-08-15T06:30:28","slug":"mariae-himmelfahrt","status":"publish","type":"post","link":"https:\/\/kleiner-ritter-der-unbefleckten.de\/?p=879","title":{"rendered":"Hochfest Mari\u00e4 Aufnahme in den Himmel"},"content":{"rendered":"<p><a href=\"https:\/\/kleiner-ritter-der-unbefleckten.de\/wp-content\/uploads\/2016\/08\/Maria-Aufnahme.jpg\"><img loading=\"lazy\" decoding=\"async\" class=\"size-medium wp-image-1835 alignleft\" src=\"https:\/\/kleiner-ritter-der-unbefleckten.de\/wp-content\/uploads\/2016\/08\/Maria-Aufnahme-218x300.jpg\" alt=\"Maria-Aufnahme\" width=\"218\" height=\"300\" srcset=\"https:\/\/kleiner-ritter-der-unbefleckten.de\/wp-content\/uploads\/2016\/08\/Maria-Aufnahme-218x300.jpg 218w, https:\/\/kleiner-ritter-der-unbefleckten.de\/wp-content\/uploads\/2016\/08\/Maria-Aufnahme-745x1024.jpg 745w\" sizes=\"auto, (max-width: 218px) 100vw, 218px\" \/><\/a>Heute h\u00f6ren wir in der heiligen Messe dieses Tagesgebet:<br \/>\n<em>\u201eAllm\u00e4chtiger, ewiger Gott,<\/em><br \/>\n<em>du hast die selige Jungfrau Maria, die uns Christus geboren hat,<\/em><br \/>\n<em>vor aller S\u00fcnde bewahrt<\/em><br \/>\n<em>und sie mit Leib und Seele<\/em><br \/>\n<em>zur Herrlichkeit des Himmels erhoben.<\/em><br \/>\n<em>Gib, dass wir auf dieses Zeichen<\/em><br \/>\n<em>der Hoffnung und des Trostes schauen<\/em><br \/>\n<em>und auf dem Weg bleiben,<\/em><br \/>\n<em>der hinf\u00fchrt zu deiner Herrlichkeit.<\/em><br \/>\n<em>Darum bitten wir durch Jesus Christus.\u201c<\/em><\/p>\n<p>Ja, Maria war ganz rein und sie hat Gottes Willen erf\u00fcllt. Wie ist das mit uns?<br \/>\nH\u00f6ren wir auch auf Gottes Wort, oder antworten wir ihm immer wieder mit dem Wort: \u201eJa, aber\u2026\u201c?<!--more--><br \/>\nAls der Engel zu Maria kam, hat sie nur gefragt: Wie soll das geschehen? Und dann hat sie nicht lange nachgedacht und alles abgew\u00e4gt, sondern sie hat sich bedingungslos hingegeben mit den Worten: Mir geschehe nach deinem Wort.<br \/>\nUnd weil Maria ganz rein war, wurde sie mit Leib und Seele in den Himmel aufgenommen. Dieses Fest d\u00fcrfen wir heute feiern. Bitten wir Maria um ihre F\u00fcrsprache, damit auch wir Gottes Ruf in unserem Leben h\u00f6ren und ihm folgen.<\/p>\n","protected":false},"excerpt":{"rendered":"<p>Heute h\u00f6ren wir in der heiligen Messe dieses Tagesgebet: \u201eAllm\u00e4chtiger, ewiger Gott, du hast die selige Jungfrau Maria, die uns Christus geboren hat, vor aller S\u00fcnde bewahrt und sie mit Leib und Seele zur Herrlichkeit des Himmels erhoben. Gib, dass &hellip; <a href=\"https:\/\/kleiner-ritter-der-unbefleckten.de\/?p=879\">Weiterlesen <span class=\"meta-nav\">&rarr;<\/span><\/a><\/p>\n","protected":false},"author":3,"featured_media":0,"comment_status":"open","ping_status":"closed","sticky":false,"template":"","format":"standard","meta":{"footnotes":""},"categories":[1,20],"tags":[],"class_list":["post-879","post","type-post","status-publish","format-standard","hentry","category-aktuell","category-muttergottes"],"_links":{"self":[{"href":"https:\/\/kleiner-ritter-der-unbefleckten.de\/index.php?rest_route=\/wp\/v2\/posts\/879","targetHints":{"allow":["GET"]}}],"collection":[{"href":"https:\/\/kleiner-ritter-der-unbefleckten.de\/index.php?rest_route=\/wp\/v2\/posts"}],"about":[{"href":"https:\/\/kleiner-ritter-der-unbefleckten.de\/index.php?rest_route=\/wp\/v2\/types\/post"}],"author":[{"embeddable":true,"href":"https:\/\/kleiner-ritter-der-unbefleckten.de\/index.php?rest_route=\/wp\/v2\/users\/3"}],"replies":[{"embeddable":true,"href":"https:\/\/kleiner-ritter-der-unbefleckten.de\/index.php?rest_route=%2Fwp%2Fv2%2Fcomments&post=879"}],"version-history":[{"count":5,"href":"https:\/\/kleiner-ritter-der-unbefleckten.de\/index.php?rest_route=\/wp\/v2\/posts\/879\/revisions"}],"predecessor-version":[{"id":3741,"href":"https:\/\/kleiner-ritter-der-unbefleckten.de\/index.php?rest_route=\/wp\/v2\/posts\/879\/revisions\/3741"}],"wp:attachment":[{"href":"https:\/\/kleiner-ritter-der-unbefleckten.de\/index.php?rest_route=%2Fwp%2Fv2%2Fmedia&parent=879"}],"wp:term":[{"taxonomy":"category","embeddable":true,"href":"https:\/\/kleiner-ritter-der-unbefleckten.de\/index.php?rest_route=%2Fwp%2Fv2%2Fcategories&post=879"},{"taxonomy":"post_tag","embeddable":true,"href":"https:\/\/kleiner-ritter-der-unbefleckten.de\/index.php?rest_route=%2Fwp%2Fv2%2Ftags&post=879"}],"curies":[{"name":"wp","href":"https:\/\/api.w.org\/{rel}","templated":true}]}}