{"id":882,"date":"2025-08-27T00:00:00","date_gmt":"2025-08-26T22:00:00","guid":{"rendered":"http:\/\/kleiner-ritter-der-unbefleckten.de\/?p=882"},"modified":"2025-06-06T10:23:56","modified_gmt":"2025-06-06T08:23:56","slug":"die-heilige-monika","status":"publish","type":"post","link":"https:\/\/kleiner-ritter-der-unbefleckten.de\/?p=882","title":{"rendered":"Die heilige Monika"},"content":{"rendered":"<p><a href=\"https:\/\/kleiner-ritter-der-unbefleckten.de\/wp-content\/uploads\/2014\/08\/DSCN0006-mit-Schmetterlingen.jpg\"><img loading=\"lazy\" decoding=\"async\" class=\"alignleft wp-image-884 size-medium\" src=\"https:\/\/kleiner-ritter-der-unbefleckten.de\/wp-content\/uploads\/2014\/08\/DSCN0006-mit-Schmetterlingen-300x225.jpg\" alt=\"DSCN0006-mit-Schmetterlingen\" width=\"300\" height=\"225\" srcset=\"https:\/\/kleiner-ritter-der-unbefleckten.de\/wp-content\/uploads\/2014\/08\/DSCN0006-mit-Schmetterlingen-300x225.jpg 300w, https:\/\/kleiner-ritter-der-unbefleckten.de\/wp-content\/uploads\/2014\/08\/DSCN0006-mit-Schmetterlingen-1024x768.jpg 1024w, https:\/\/kleiner-ritter-der-unbefleckten.de\/wp-content\/uploads\/2014\/08\/DSCN0006-mit-Schmetterlingen.jpg 1600w\" sizes=\"auto, (max-width: 300px) 100vw, 300px\" \/><\/a>Wenn Du einmal sehen m\u00f6chtest, was M\u00fctter f\u00fcr ihre Kinder alles tun, dann solltest Du die Lebensbeschreibung der heiligen Monika lesen, deren Gedenktag wir heute feiern.<\/p>\n<p>Eine kurze Zusammenfassung findest Du <a href=\"https:\/\/kleiner-ritter-der-unbefleckten.de\/wp-content\/uploads\/2014\/05\/Heilige-Monika.pdf\">hier.<\/a><\/p>\n","protected":false},"excerpt":{"rendered":"<p>Wenn Du einmal sehen m\u00f6chtest, was M\u00fctter f\u00fcr ihre Kinder alles tun, dann solltest Du die Lebensbeschreibung der heiligen Monika lesen, deren Gedenktag wir heute feiern. Eine kurze Zusammenfassung findest Du hier.<\/p>\n","protected":false},"author":3,"featured_media":0,"comment_status":"open","ping_status":"closed","sticky":false,"template":"","format":"standard","meta":{"footnotes":""},"categories":[1,6],"tags":[],"class_list":["post-882","post","type-post","status-publish","format-standard","hentry","category-aktuell","category-heilige"],"_links":{"self":[{"href":"https:\/\/kleiner-ritter-der-unbefleckten.de\/index.php?rest_route=\/wp\/v2\/posts\/882","targetHints":{"allow":["GET"]}}],"collection":[{"href":"https:\/\/kleiner-ritter-der-unbefleckten.de\/index.php?rest_route=\/wp\/v2\/posts"}],"about":[{"href":"https:\/\/kleiner-ritter-der-unbefleckten.de\/index.php?rest_route=\/wp\/v2\/types\/post"}],"author":[{"embeddable":true,"href":"https:\/\/kleiner-ritter-der-unbefleckten.de\/index.php?rest_route=\/wp\/v2\/users\/3"}],"replies":[{"embeddable":true,"href":"https:\/\/kleiner-ritter-der-unbefleckten.de\/index.php?rest_route=%2Fwp%2Fv2%2Fcomments&post=882"}],"version-history":[{"count":2,"href":"https:\/\/kleiner-ritter-der-unbefleckten.de\/index.php?rest_route=\/wp\/v2\/posts\/882\/revisions"}],"predecessor-version":[{"id":2530,"href":"https:\/\/kleiner-ritter-der-unbefleckten.de\/index.php?rest_route=\/wp\/v2\/posts\/882\/revisions\/2530"}],"wp:attachment":[{"href":"https:\/\/kleiner-ritter-der-unbefleckten.de\/index.php?rest_route=%2Fwp%2Fv2%2Fmedia&parent=882"}],"wp:term":[{"taxonomy":"category","embeddable":true,"href":"https:\/\/kleiner-ritter-der-unbefleckten.de\/index.php?rest_route=%2Fwp%2Fv2%2Fcategories&post=882"},{"taxonomy":"post_tag","embeddable":true,"href":"https:\/\/kleiner-ritter-der-unbefleckten.de\/index.php?rest_route=%2Fwp%2Fv2%2Ftags&post=882"}],"curies":[{"name":"wp","href":"https:\/\/api.w.org\/{rel}","templated":true}]}}